{"id":894,"date":"2026-04-20T19:41:05","date_gmt":"2026-04-20T16:41:05","guid":{"rendered":"https:\/\/alicante-smarthotel.com\/?p=894"},"modified":"2026-04-21T20:10:38","modified_gmt":"2026-04-21T17:10:38","slug":"alicante-weekend-guide-abril-23-26","status":"publish","type":"post","link":"https:\/\/alicante-smarthotel.com\/es\/alicante-weekend-guide-abril-23-26\/","title":{"rendered":"Fin de semana en Alicante \u2013 agenda de eventos del 23 al 26 de abril de 2026"},"content":{"rendered":"<p>A continuaci\u00f3n encontrar\u00e1s una selecci\u00f3n de eventos en Alicante y alrededores para este pr\u00f3ximo fin de semana (jueves\u2013domingo, 23\u201326 de abril de 2026). En cada evento se indica el lugar, la hora, el precio y el enlace para comprar entradas o consultar m\u00e1s informaci\u00f3n. Se recomienda comprobar de nuevo la programaci\u00f3n antes de salir.<\/p>\n<h2>Jueves, 23 de abril<\/h2>\n<h3>La del manojo de rosas<\/h3>\n<p>Zarzuela sobre el conflicto de clases, el amor y el intento de salir de los l\u00edmites del propio entorno social, con m\u00fasica de Pablo Soroz\u00e1bal.<\/p>\n<ul>\n<li><strong>Lugar:<\/strong> <a href=\"https:\/\/maps.app.goo.gl\/FNFVb8FhZVt9Nnxk8\" target=\"_blank\" rel=\"noopener\">Teatro Principal de Alicante<\/a><\/li>\n<li><strong>Hora:<\/strong> 23 de abril, 19:00<\/li>\n<li><strong>Precio:<\/strong> desde 22 \u20ac<\/li>\n<li><a href=\"https:\/\/www.teatroprincipaldealicante.com\/obra\/la-del-manojo-de-rosas\/\" target=\"_blank\" rel=\"noopener\">Comprar entrada<\/a><\/li>\n<\/ul>\n<h3>Deriva<\/h3>\n<p>Espect\u00e1culo de danza del festival Abril en Danza sobre el movimiento a trav\u00e9s de la incertidumbre, la memoria y el sost\u00e9n interior.<\/p>\n<ul>\n<li><strong>Lugar:<\/strong> <a href=\"https:\/\/maps.app.goo.gl\/s5QJdtR7tABeaus2A\" target=\"_blank\" rel=\"noopener\">MACA, Museo de Arte Contempor\u00e1neo de Alicante<\/a><\/li>\n<li><strong>Hora:<\/strong> 23 de abril, 19:00<\/li>\n<li><a href=\"https:\/\/alicanteout.com\/teatro-y-espectaculos-en-alicante\/abril-en-danza-deriva-en-el-maca\/\" target=\"_blank\" rel=\"noopener\">M\u00e1s informaci\u00f3n<\/a><\/li>\n<\/ul>\n<h3>Filmoteca: <i>Leningrad Cowboys Go America<\/i><\/h3>\n<p>Proyecci\u00f3n dentro del ciclo Filmoteca Alicante y de la retrospectiva dedicada a Aki Kaurism\u00e4ki.<\/p>\n<ul>\n<li><strong>Lugar:<\/strong> <a href=\"https:\/\/maps.app.goo.gl\/D1CC2pW3BzM9JeHW9\" target=\"_blank\" rel=\"noopener\">Teatre Arniches, Alicante<\/a><\/li>\n<li><strong>Hora:<\/strong> 23 de abril, 19:30<\/li>\n<li><strong>Precio:<\/strong> 3 \u20ac \/ 2 \u20ac con descuento<\/li>\n<li><a href=\"https:\/\/taquilla.ivc.gva.es\/es\/espectaculo\/leningrad-cowboys-go-america\/LENINGRAD26\" target=\"_blank\" rel=\"noopener\">Comprar entrada<\/a><\/li>\n<\/ul>\n<h3>Kineforum: <i>The Searchers<\/i><\/h3>\n<p>Proyecci\u00f3n en VOSE con coloquio posterior dentro del ciclo Kineforum.<\/p>\n<ul>\n<li><strong>Lugar:<\/strong> <a href=\"https:\/\/maps.app.goo.gl\/Kb7ifAr2qn6kPZN86\" target=\"_blank\" rel=\"noopener\">Cines Kin\u00e9polis Plaza Mar 2, Alicante<\/a><\/li>\n<li><strong>Hora:<\/strong> 23 de abril, 19:00<\/li>\n<li><a href=\"https:\/\/kinepolis.es\/content\/kineforum\/\" target=\"_blank\" rel=\"noopener\">Comprar entrada<\/a><\/li>\n<\/ul>\n<h2>Viernes, 24 de abril<\/h2>\n<h3>El bosque de Grimm<\/h3>\n<p>Espect\u00e1culo musical y visual de ADDA\u00b7Simf\u00f2nica Alicante y La Maquin\u00e9 inspirado en los cuentos de los hermanos Grimm.<\/p>\n<ul>\n<li><strong>Lugar:<\/strong> <a href=\"https:\/\/maps.app.goo.gl\/ubfRQa1pLkSKL3BMA\" target=\"_blank\" rel=\"noopener\">ADDA, Alicante<\/a><\/li>\n<li><strong>Hora:<\/strong> 24 de abril, 18:00<\/li>\n<li><strong>Precio:<\/strong> desde 15 \u20ac<\/li>\n<li><a href=\"https:\/\/adda.janto.es\/espectaculo\/el-bosque-de-grimm\/BOSQUEGRIMM\" target=\"_blank\" rel=\"noopener\">Comprar entrada<\/a><\/li>\n<\/ul>\n<h3>De Beethoven a Brahms<\/h3>\n<p>Velada de c\u00e1mara con Arnau Moncunill y Jes\u00fas G\u00f3mez: un recorrido por el romanticismo desde Beethoven hasta Brahms para viol\u00edn y piano.<\/p>\n<ul>\n<li><strong>Lugar:<\/strong> <a href=\"https:\/\/maps.app.goo.gl\/ubfRQa1pLkSKL3BMA\" target=\"_blank\" rel=\"noopener\">ADDA, Alicante<\/a><\/li>\n<li><strong>Hora:<\/strong> 24 de abril, 19:00<\/li>\n<li><strong>Precio:<\/strong> desde 7 \u20ac<\/li>\n<li><a href=\"https:\/\/adda.janto.es\/espectaculo\/arnau-moncunill-jesus-gomez-de-beethoven-a-brahms\/ARNAUJES\" target=\"_blank\" rel=\"noopener\">Comprar entrada<\/a><\/li>\n<\/ul>\n<h3>Francisco y Tamara \u2013 \u00danicos<\/h3>\n<p>Gran concierto de dos voces muy reconocibles de la m\u00fasica espa\u00f1ola, con un repertorio de sus principales \u00e9xitos.<\/p>\n<ul>\n<li><strong>Lugar:<\/strong> <a href=\"https:\/\/maps.app.goo.gl\/FNFVb8FhZVt9Nnxk8\" target=\"_blank\" rel=\"noopener\">Teatro Principal de Alicante<\/a><\/li>\n<li><strong>Hora:<\/strong> 24 de abril, 20:00<\/li>\n<li><strong>Precio:<\/strong> desde 28 \u20ac<\/li>\n<li><a href=\"https:\/\/www.teatroprincipaldealicante.com\/obra\/francisco-y-tamara\/\" target=\"_blank\" rel=\"noopener\">Comprar entrada<\/a><\/li>\n<\/ul>\n<h3>Las apariciones<\/h3>\n<p>Espect\u00e1culo de autoficci\u00f3n sobre el futuro, la edad, la memoria y los miedos.<\/p>\n<ul>\n<li><strong>Lugar:<\/strong> <a href=\"https:\/\/maps.app.goo.gl\/D1CC2pW3BzM9JeHW9\" target=\"_blank\" rel=\"noopener\">Teatre Arniches, Alicante<\/a><\/li>\n<li><strong>Hora:<\/strong> 24 de abril, 20:30<\/li>\n<li><strong>Precio:<\/strong> desde 5 \u20ac<\/li>\n<li><a href=\"https:\/\/taquilla.ivc.gva.es\/es\/espectaculo\/cdn-i-juan-ceacerola_compania-exlimite-presenten-las-apariciones\/EXLIMITE\" target=\"_blank\" rel=\"noopener\">Comprar entrada<\/a><\/li>\n<\/ul>\n<h3>Danza Sagrada de la Ruta de la Seda<\/h3>\n<p>Espect\u00e1culo \u00edntimo con est\u00e9tica oriental y danza sagrada en la Teter\u00eda Luz de Luna.<\/p>\n<ul>\n<li><strong>Lugar:<\/strong> <a href=\"https:\/\/maps.app.goo.gl\/yCWqaDWgzQt9oLda9\" target=\"_blank\" rel=\"noopener\">Restaurante Teter\u00eda Luz de Luna, Alicante<\/a><\/li>\n<li><strong>Hora:<\/strong> 24 de abril, 21:30<\/li>\n<li><strong>Precio:<\/strong> 11,35 \u20ac<\/li>\n<li><a href=\"https:\/\/www.taquilla.com\/entradas\/danza-sagrada-de-la-ruta-de-la-seda?t10venue=257324&amp;t10id=1163\" target=\"_blank\" rel=\"noopener\">Comprar entrada<\/a><\/li>\n<\/ul>\n<h3>WHISKY CARAVAN<\/h3>\n<p>Concierto nocturno de rock en Sala Marearock.<\/p>\n<ul>\n<li><strong>Lugar:<\/strong> <a href=\"https:\/\/maps.app.goo.gl\/KE1E4tNu4L3ncwtP8\" target=\"_blank\" rel=\"noopener\">Sala Marearock, Alicante<\/a><\/li>\n<li><strong>Hora:<\/strong> 24 de abril, 22:00\u201303:00<\/li>\n<li><strong>Precio:<\/strong> desde 18 \u20ac<\/li>\n<li><a href=\"https:\/\/entradasmarearock.com\/event\/whisky-caravan\" target=\"_blank\" rel=\"noopener\">Comprar entrada<\/a><\/li>\n<\/ul>\n<h2>S\u00e1bado, 25 de abril<\/h2>\n<h3>Yoga en familia<\/h3>\n<p>Sesi\u00f3n gratuita de yoga en familia en el Museo The Ocean Race con inscripci\u00f3n previa.<\/p>\n<ul>\n<li><strong>Lugar:<\/strong> <a href=\"https:\/\/maps.app.goo.gl\/aHYvFJ6DV1oQK9jy8\" target=\"_blank\" rel=\"noopener\">Museo The Ocean Race, Alicante<\/a><\/li>\n<li><strong>Hora:<\/strong> 25 de abril, 12:00<\/li>\n<li><a href=\"https:\/\/alicanteout.com\/planes-con-ninos-en-alicante\/yoga-en-familia-gratis-en-el-museo-the-ocean-race\/\" target=\"_blank\" rel=\"noopener\">M\u00e1s informaci\u00f3n<\/a><\/li>\n<\/ul>\n<h3>Candlelight: Ed Sheeran vs. Coldplay<\/h3>\n<p>Concierto a la luz de las velas en el MARQ con un programa de canciones de Ed Sheeran y Coldplay.<\/p>\n<ul>\n<li><strong>Lugar:<\/strong> <a href=\"https:\/\/maps.app.goo.gl\/jPoe15MqzgviPc6X9\" target=\"_blank\" rel=\"noopener\">MARQ, Museo Arqueol\u00f3gico de Alicante<\/a><\/li>\n<li><strong>Hora:<\/strong> 25 de abril, 20:30<\/li>\n<li><strong>Precio:<\/strong> desde 30,50 \u20ac<\/li>\n<li><a href=\"https:\/\/feverup.com\/m\/471562\" target=\"_blank\" rel=\"noopener\">Comprar entrada<\/a><\/li>\n<\/ul>\n<h3>Mejor no decirlo<\/h3>\n<p>Comedia con Imanol Arias y Mar\u00eda Barranco sobre el matrimonio, lo que se calla y lo que ocurre cuando un d\u00eda se dice todo en voz alta.<\/p>\n<ul>\n<li><strong>Lugar:<\/strong> <a href=\"https:\/\/maps.app.goo.gl\/FNFVb8FhZVt9Nnxk8\" target=\"_blank\" rel=\"noopener\">Teatro Principal de Alicante<\/a><\/li>\n<li><strong>Hora:<\/strong> 25 de abril, 19:00<\/li>\n<li><strong>Precio:<\/strong> desde 12 \u20ac<\/li>\n<li><a href=\"https:\/\/www.teatroprincipaldealicante.com\/obra\/mejor-no-decirlo\/\" target=\"_blank\" rel=\"noopener\">Comprar entrada<\/a><\/li>\n<\/ul>\n<h3>Wales \u2013 BBC National Orchestra of Wales \/ Akiko Suwanai \/ Jaime Mart\u00edn<\/h3>\n<p>Velada sinf\u00f3nica con obras de Saint-Sa\u00ebns y Elgar.<\/p>\n<ul>\n<li><strong>Lugar:<\/strong> <a href=\"https:\/\/maps.app.goo.gl\/ubfRQa1pLkSKL3BMA\" target=\"_blank\" rel=\"noopener\">ADDA, Alicante<\/a><\/li>\n<li><strong>Hora:<\/strong> 25 de abril, 20:00<\/li>\n<li><strong>Precio:<\/strong> desde 28 \u20ac<\/li>\n<li><a href=\"https:\/\/adda.janto.es\/espectaculo\/t17-bbc-national-o-off-wallermartinsuwanai-wales\/WALES\" target=\"_blank\" rel=\"noopener\">Comprar entrada<\/a><\/li>\n<\/ul>\n<h3>Festival Abril en Danza: Internacional<\/h3>\n<p>Noche de piezas cortas de danza internacional en Teatre Arniches.<\/p>\n<ul>\n<li><strong>Lugar:<\/strong> <a href=\"https:\/\/maps.app.goo.gl\/D1CC2pW3BzM9JeHW9\" target=\"_blank\" rel=\"noopener\">Teatre Arniches, Alicante<\/a><\/li>\n<li><strong>Hora:<\/strong> 25 de abril, 20:30<\/li>\n<li><strong>Precio:<\/strong> desde 7,50 \u20ac<\/li>\n<li><a href=\"https:\/\/taquilla.ivc.gva.es\/es\/espectaculo\/festival-abril-en-danza-internacional\/AED2026\" target=\"_blank\" rel=\"noopener\">Comprar entrada<\/a><\/li>\n<\/ul>\n<h3>Nat Simons \u2013 AIEnRuta<\/h3>\n<p>Concierto de una de las rockeras espa\u00f1olas m\u00e1s destacadas de los \u00faltimos a\u00f1os, con nuevo repertorio en Sala Euterpe.<\/p>\n<ul>\n<li><strong>Lugar:<\/strong> <a href=\"https:\/\/maps.app.goo.gl\/dM839kPzdQbVyJn38\" target=\"_blank\" rel=\"noopener\">Sala Euterpe, Sant Joan d\u2019Alacant<\/a><\/li>\n<li><strong>Hora:<\/strong> 25 de abril; apertura de puertas 21:30, inicio 22:00<\/li>\n<li><strong>Precio:<\/strong> desde 14 \u20ac + gastos<\/li>\n<li><a href=\"https:\/\/salaeuterpe.com\/event\/nat-simons-2026\/\" target=\"_blank\" rel=\"noopener\">Comprar entrada<\/a><\/li>\n<\/ul>\n<h3>VH\u00c4LDEMAR + CAIN&#8217;S DINASTY + DELANDA EST<\/h3>\n<p>Gran noche de metal en Sala Marearock.<\/p>\n<ul>\n<li><strong>Lugar:<\/strong> <a href=\"https:\/\/maps.app.goo.gl\/KE1E4tNu4L3ncwtP8\" target=\"_blank\" rel=\"noopener\">Sala Marearock, Alicante<\/a><\/li>\n<li><strong>Hora:<\/strong> 25 de abril, 22:00\u201303:00<\/li>\n<li><strong>Precio:<\/strong> desde 18 \u20ac<\/li>\n<li><a href=\"https:\/\/entradasmarearock.com\/event\/vhldemar--cains-dinasty--delanda-est\" target=\"_blank\" rel=\"noopener\">Comprar entrada<\/a><\/li>\n<\/ul>\n<h2>Domingo, 26 de abril<\/h2>\n<h3>El patio encendido + Lonja<\/h3>\n<p>Programa familiar gratuito en la Lonja del Pescado: conciertos, espect\u00e1culos, talleres y visitas a exposiciones. Para ni\u00f1os de 5 a 12 a\u00f1os.<\/p>\n<ul>\n<li><strong>Lugar:<\/strong> <a href=\"https:\/\/maps.app.goo.gl\/X3EgBQ52cns1iCAy6\" target=\"_blank\" rel=\"noopener\">Lonja del Pescado, Alicante<\/a><\/li>\n<li><strong>Hora:<\/strong> 26 de abril, desde las 11:00<\/li>\n<li><a href=\"https:\/\/alicanteout.com\/planes-con-ninos-en-alicante\/el-patio-encendido-de-la-lonja-actividades-gratuitas-para-toda-la-familia\/\" target=\"_blank\" rel=\"noopener\">M\u00e1s informaci\u00f3n<\/a><\/li>\n<\/ul>\n<h3>Diumenges al MUA: Taller de Poes\u00eda de supermercado<\/h3>\n<p>Taller familiar de poes\u00eda visual, palabra, dibujo y composici\u00f3n.<\/p>\n<ul>\n<li><strong>Lugar:<\/strong> <a href=\"https:\/\/maps.app.goo.gl\/JtVh7uGDMTrz2hxHA\" target=\"_blank\" rel=\"noopener\">MUA, Museo de la Universidad de Alicante<\/a><\/li>\n<li><strong>Hora:<\/strong> 26 de abril. Edad: a partir de 7 a\u00f1os<\/li>\n<li><a href=\"https:\/\/alicanteout.com\/planes-con-ninos-en-alicante\/diumenges-al-mua-en-el-museo-de-la-universidad-de-alicante\/\" target=\"_blank\" rel=\"noopener\">M\u00e1s informaci\u00f3n<\/a><\/li>\n<\/ul>\n<h3>Petit Teatre: El Carnaval Animal<\/h3>\n<p>Espect\u00e1culo familiar sin palabras, con poes\u00eda visual y m\u00fasica de Saint-Sa\u00ebns.<\/p>\n<ul>\n<li><strong>Lugar:<\/strong> <a href=\"https:\/\/maps.app.goo.gl\/7euoTFuw61ouKz4n6\" target=\"_blank\" rel=\"noopener\">Casa de Cultura Sant Joan d\u2019Alacant<\/a><\/li>\n<li><strong>Hora:<\/strong> 26 de abril, 12:30<\/li>\n<li><a href=\"https:\/\/alicanteout.com\/planes-con-ninos-en-alicante\/petit-teatre-festival-de-teatro-para-la-infancia-de-sant-joan-dalacant\/\" target=\"_blank\" rel=\"noopener\">M\u00e1s informaci\u00f3n<\/a><\/li>\n<\/ul>\n<h3>Espect\u00e1culo: Mejor no decirlo<\/h3>\n<p>Segunda funci\u00f3n de la misma comedia en el Teatro Principal.<\/p>\n<ul>\n<li><strong>Lugar:<\/strong> <a href=\"https:\/\/maps.app.goo.gl\/FNFVb8FhZVt9Nnxk8\" target=\"_blank\" rel=\"noopener\">Teatro Principal de Alicante<\/a><\/li>\n<li><strong>Hora:<\/strong> 26 de abril, 18:00<\/li>\n<li><strong>Precio:<\/strong> desde 12 \u20ac<\/li>\n<li><a href=\"https:\/\/www.teatroprincipaldealicante.com\/obra\/mejor-no-decirlo\/\" target=\"_blank\" rel=\"noopener\">Comprar entrada<\/a><\/li>\n<\/ul>\n<h3>Cristina Kiehr &amp; Pablo M\u00e1rquez<\/h3>\n<p>Concierto del ciclo La Guitarra con un programa para voz y guitarra cl\u00e1sica.<\/p>\n<ul>\n<li><strong>Lugar:<\/strong> <a href=\"https:\/\/maps.app.goo.gl\/ubfRQa1pLkSKL3BMA\" target=\"_blank\" rel=\"noopener\">ADDA, Alicante<\/a><\/li>\n<li><strong>Hora:<\/strong> 26 de abril, 19:00<\/li>\n<li><strong>Precio:<\/strong> desde 14,00 \u20ac<\/li>\n<li><a href=\"https:\/\/adda.janto.es\/espectaculo\/pablo-marquez-y-cristina-kiehr\/PABLOCRISTINA\" target=\"_blank\" rel=\"noopener\">Comprar entrada<\/a><\/li>\n<\/ul>\n<h3>Pacoenlaluna<\/h3>\n<p>Concierto de autor con mon\u00f3logos, di\u00e1logos y canciones \u2013 a medio camino entre el humor y la emoci\u00f3n.<\/p>\n<ul>\n<li><strong>Lugar:<\/strong> <a href=\"https:\/\/maps.app.goo.gl\/dM839kPzdQbVyJn38\" target=\"_blank\" rel=\"noopener\">Sala Euterpe, Sant Joan d\u2019Alacant<\/a><\/li>\n<li><strong>Hora:<\/strong> 26 de abril; apertura de puertas 19:00, inicio 19:30<\/li>\n<li><strong>Precio:<\/strong> desde 10 \u20ac + gastos<\/li>\n<li><a href=\"https:\/\/salaeuterpe.com\/event\/pacoenlaluna-2026\/\" target=\"_blank\" rel=\"noopener\">Comprar entrada<\/a><\/li>\n<\/ul>\n<h3>\u00cddolos del Parque<\/h3>\n<p>Concierto indie\/rock de la banda madrile\u00f1a con presentaci\u00f3n del \u00e1lbum <i>Buen Camino<\/i> en Sala Euterpe.<\/p>\n<ul>\n<li><strong>Lugar:<\/strong> <a href=\"https:\/\/maps.app.goo.gl\/dM839kPzdQbVyJn38\" target=\"_blank\" rel=\"noopener\">Sala Euterpe, Sant Joan d\u2019Alacant<\/a><\/li>\n<li><strong>Hora:<\/strong> 26 de abril; apertura de puertas 19:00, inicio 19:30<\/li>\n<li><strong>Precio:<\/strong> desde 7 \u20ac + gastos<\/li>\n<li><a href=\"https:\/\/salaeuterpe.com\/event\/idolos-del-parque\/\" target=\"_blank\" rel=\"noopener\">Comprar entrada<\/a><\/li>\n<\/ul>\n<h2>Durante todo el fin de semana<\/h2>\n<h3>Exposici\u00f3n \u201cLa balada de Hugo Pratt\u201d<\/h3>\n<p>Exposici\u00f3n en Espacio S\u00e9neca dedicada a Hugo Pratt y su universo; la inauguraci\u00f3n es el viernes por la tarde.<\/p>\n<ul>\n<li><strong>Lugar:<\/strong> <a href=\"https:\/\/maps.app.goo.gl\/2bEcxcUuUTkn8Tcj6\" target=\"_blank\" rel=\"noopener\">Espacio S\u00e9neca, Alicante<\/a><\/li>\n<li><strong>Horario:<\/strong> del 24 de abril al 31 de mayo; mar\u2013s\u00e1b 10:30\u201313:30 y 17:00\u201320:00, dom 10:30\u201313:30<\/li>\n<li><a href=\"https:\/\/alicanteout.com\/arte-y-exposiciones-alicante\/exposicion-la-balada-de-hugo-pratt-en-el-espacio-seneca\/\" target=\"_blank\" rel=\"noopener\">M\u00e1s informaci\u00f3n<\/a><\/li>\n<\/ul>\n<h3>Exposici\u00f3n \u201cPablo Genov\u00e9s. Un mundo como el nuestro\u201d<\/h3>\n<p>Exposici\u00f3n de fotomontajes de Pablo Genov\u00e9s, creada especialmente para el MUBAG; este es su \u00faltimo fin de semana.<\/p>\n<ul>\n<li><strong>Lugar:<\/strong> <a href=\"https:\/\/maps.app.goo.gl\/MKBLSyjFaK7pF4Tp7\" target=\"_blank\" rel=\"noopener\">MUBAG, Museo de Bellas Artes Gravina<\/a><\/li>\n<li><strong>Horario:<\/strong> hasta el 26 de abril de 2026; mar\u2013s\u00e1b 10:00\u201320:00, domingos y festivos 10:00\u201314:00<\/li>\n<li><a href=\"https:\/\/alicanteout.com\/arte-y-exposiciones-alicante\/exposicion-pablo-genoves-un-mundo-como-el-nuestro-en-el-mubag\/\" target=\"_blank\" rel=\"noopener\">M\u00e1s informaci\u00f3n<\/a><\/li>\n<\/ul>\n<h3>Exposici\u00f3n \u201cLa romer\u00eda de los cornudos\u201d<\/h3>\n<p>Exposici\u00f3n de Mar\u00eda Alcaide en Las Cigarreras, inspirada en el ballet de Garc\u00eda Lorca y Rivas Cherif.<\/p>\n<ul>\n<li><strong>Lugar:<\/strong> <a href=\"https:\/\/maps.app.goo.gl\/wSW2qMZBW2Ktcy456\" target=\"_blank\" rel=\"noopener\">CC Las Cigarreras, Alicante<\/a><\/li>\n<li><strong>Horario:<\/strong> hasta el 22 de agosto de 2026; mar\u2013s\u00e1b 10:00\u201321:30, cerrado domingo y lunes<\/li>\n<li><a href=\"https:\/\/alicanteout.com\/arte-y-exposiciones-alicante\/exposicion-la-romeria-de-los-cornudos-en-las-cigarreras\/\" target=\"_blank\" rel=\"noopener\">M\u00e1s informaci\u00f3n<\/a><\/li>\n<\/ul>\n<h2>\u00bfD\u00f3nde alojarse para llegar a todo?<\/h2>\n<p>Un fin de semana intenso requiere una buena planificaci\u00f3n: la l\u00f3gica es sencilla \u2013 alojarse en un punto desde el que sea c\u00f3modo llegar tanto a los conciertos de la noche como a las exposiciones diurnas y a los paseos junto al mar.<\/p>\n    <div class=\"cta\" style=\"border: 2px solid #111; border-radius: 12px; padding: 14px; margin: 18px 0;\">\n        <p style=\"margin: 0 0 10px 0;\">\n            <strong>\u2728Club Alegr\u00eda<\/strong><br>\n            Reg\u00edstrate en nuestro club y disfruta de sus ventajas:<\/p>\n<p>\u271410% de descuento exclusivo<br \/>\n\u2714Detalle de bienvenida: botella de agua de cortes\u00eda y capsulas de caf\u00e9<br \/>\n\u2714Check-out a la 1:00 PM<br \/>\n\u2714Early check-in a las 2:00 PM        <\/p>\n        <p style=\"margin: 0;\">\n            <a style=\"display: inline-block; padding: 10px 14px; background: #BE9254; color: #fff; border-radius: 10px; text-decoration: none;\" href=\"https:\/\/alicante-smarthotel.com\/es\/habitaciones\/\">\n                Reserva con un 10% de descuento            <\/a>\n        <\/p>\n    <\/div>\n    \n<p><a href=\"https:\/\/alicante-smarthotel.com\/es\/\">Alicante Smart Hotel<\/a> encaja perfectamente con el formato de una \u201cescapada inteligente\u201d, cuando la ciudad est\u00e1 cerca y el descanso transcurre sin prisas ni complicaciones:<\/p>\n<ul>\n<li>ubicaci\u00f3n c\u00f3moda para llegar r\u00e1pidamente a los espacios clave,<\/li>\n<li>entrada anticipada y salida tard\u00eda (como opci\u00f3n, para no perder medio d\u00eda),<\/li>\n<li>desayuno en la habitaci\u00f3n (como opci\u00f3n),<\/li>\n<li>piscina,<\/li>\n<li>10% de descuento al reservar directamente en la web del hotel.<\/li>\n<\/ul>\n<p><span style=\"font-weight: 400;\"><a href=\"https:\/\/alicante-smarthotel.com\/es\/habitaciones\/\" target=\"_self\" style=\"display:inline-block;\n                      padding:10px 14px;\n                      border-radius:10px;\n                      text-decoration:none;\n                      margin-right:0px;\n                      background:#111;color:#fff;\">\n                Todas las habitaciones y reservas\n            <\/a><\/span><\/p>\n<p>La elecci\u00f3n de la habitaci\u00f3n depende del formato del viaje:<\/p>\n<ul>\n<li>Doble Est\u00e1ndar Superior \u2013 ideal para parejas o viajeros en solitario que buscan el m\u00e1ximo confort:<\/li>\n<\/ul>\n<p><span style=\"font-weight: 400;\"><a href=\"https:\/\/alicante-smarthotel.com\/es\/rooms\/doble-estandar-superior\/\" target=\"_self\" style=\"display:inline-block;\n                      padding:10px 14px;\n                      border-radius:10px;\n                      text-decoration:none;\n                      margin-right:0px;\n                      background:#e11d48;color:#fff;\">\n                Superior Double Standard\n            <\/a><\/span><\/p>\n<ul>\n<li>Doble Est\u00e1ndar con Terraza \u2013 perfecta para quienes valoran tener su propio espacio al aire libre.<\/li>\n<\/ul>\n<p><span style=\"font-weight: 400;\"><a href=\"https:\/\/alicante-smarthotel.com\/es\/rooms\/doble-estandar-con-terraza\/\" target=\"_self\" style=\"display:inline-block;\n                      padding:10px 14px;\n                      border-radius:10px;\n                      text-decoration:none;\n                      margin-right:0px;\n                      background:#e11d48;color:#fff;\">\n                Double Standard with Terrace\n            <\/a><\/span><\/p>\n<ul>\n<li>Triple Superior \u2013 una opci\u00f3n pr\u00e1ctica y c\u00f3moda para familias o peque\u00f1os grupos:<\/li>\n<\/ul>\n<p><span style=\"font-weight: 400;\"><a href=\"https:\/\/alicante-smarthotel.com\/es\/rooms\/triple-superior\/\" target=\"_self\" style=\"display:inline-block;\n                      padding:10px 14px;\n                      border-radius:10px;\n                      text-decoration:none;\n                      margin-right:0px;\n                      background:#e11d48;color:#fff;\">\n                Superior Triple Room\n            <\/a><\/span><\/p>\n<p>Para que la escapada de fin de semana sea todav\u00eda m\u00e1s f\u00e1cil y c\u00f3moda, Alicante Smart Hotel ofrece varias opciones adicionales que encajan de forma natural en un itinerario de 2\u20133 d\u00edas.<\/p>\n<ul>\n<li>Desayuno en la habitaci\u00f3n.<\/li>\n<li>Para ocasiones especiales \u2013 o simplemente para a\u00f1adir un ambiente festivo \u2013 el hotel dispone de celebration packs.<\/li>\n<li>Tambi\u00e9n es posible organizar un traslado desde el aeropuerto de Alicante \u2013 desde 30 \u20ac.<\/li>\n<li>Adem\u00e1s, hay opciones de entrada anticipada y salida tard\u00eda \u2013 para aprovechar el fin de semana al m\u00e1ximo.<\/li>\n<\/ul>\n<p><\/p>","protected":false},"excerpt":{"rendered":"<p>A continuaci\u00f3n encontrar\u00e1s una selecci\u00f3n de eventos en Alicante y alrededores para este pr\u00f3ximo fin de semana (jueves\u2013domingo, 23\u201326 de abril de 2026). En cada evento se indica el lugar, la hora, el precio y el enlace para comprar entradas o consultar m\u00e1s informaci\u00f3n. Se recomienda comprobar de nuevo la programaci\u00f3n antes de salir. Jueves,\u2026<\/p>\n","protected":false},"author":2,"featured_media":898,"comment_status":"closed","ping_status":"closed","sticky":false,"template":"","format":"standard","meta":{"footnotes":""},"categories":[1],"tags":[],"class_list":["post-894","post","type-post","status-publish","format-standard","has-post-thumbnail","hentry","category-articles"],"_links":{"self":[{"href":"https:\/\/alicante-smarthotel.com\/es\/wp-json\/wp\/v2\/posts\/894","targetHints":{"allow":["GET"]}}],"collection":[{"href":"https:\/\/alicante-smarthotel.com\/es\/wp-json\/wp\/v2\/posts"}],"about":[{"href":"https:\/\/alicante-smarthotel.com\/es\/wp-json\/wp\/v2\/types\/post"}],"author":[{"embeddable":true,"href":"https:\/\/alicante-smarthotel.com\/es\/wp-json\/wp\/v2\/users\/2"}],"replies":[{"embeddable":true,"href":"https:\/\/alicante-smarthotel.com\/es\/wp-json\/wp\/v2\/comments?post=894"}],"version-history":[{"count":4,"href":"https:\/\/alicante-smarthotel.com\/es\/wp-json\/wp\/v2\/posts\/894\/revisions"}],"predecessor-version":[{"id":903,"href":"https:\/\/alicante-smarthotel.com\/es\/wp-json\/wp\/v2\/posts\/894\/revisions\/903"}],"wp:featuredmedia":[{"embeddable":true,"href":"https:\/\/alicante-smarthotel.com\/es\/wp-json\/wp\/v2\/media\/898"}],"wp:attachment":[{"href":"https:\/\/alicante-smarthotel.com\/es\/wp-json\/wp\/v2\/media?parent=894"}],"wp:term":[{"taxonomy":"category","embeddable":true,"href":"https:\/\/alicante-smarthotel.com\/es\/wp-json\/wp\/v2\/categories?post=894"},{"taxonomy":"post_tag","embeddable":true,"href":"https:\/\/alicante-smarthotel.com\/es\/wp-json\/wp\/v2\/tags?post=894"}],"curies":[{"name":"wp","href":"https:\/\/api.w.org\/{rel}","templated":true}]}}