{"id":718,"date":"2026-03-25T15:27:09","date_gmt":"2026-03-25T12:27:09","guid":{"rendered":"https:\/\/alicante-smarthotel.com\/?p=718"},"modified":"2026-03-30T14:19:04","modified_gmt":"2026-03-30T11:19:04","slug":"alicante-weekend-guide-march-27-29","status":"publish","type":"post","link":"https:\/\/alicante-smarthotel.com\/es\/alicante-weekend-guide-march-27-29\/","title":{"rendered":"Fin de semana en Alicante \u2013 Agenda de eventos del 27 al 29 de marzo de 2026"},"content":{"rendered":"<p><span style=\"font-weight: 400;\">A continuaci\u00f3n \u2013 una selecci\u00f3n de eventos en Alicante y alrededores para el pr\u00f3ximo fin de semana (viernes\u2013domingo, 27\u201329 de marzo de 2026). Para cada evento se indican el lugar, la hora, el precio y el enlace para entradas (o para la p\u00e1gina del evento). Se recomienda volver a comprobar la vigencia del horario antes de salir.<\/span><\/p>\n<h2><span style=\"font-weight: 400;\">27 de marzo (vie)<\/span><\/h2>\n<h3><span style=\"font-weight: 400;\">Territorio, paisaje y fotograf\u00eda de naturaleza (jornada con Jos\u00e9 Benito Ruiz)<\/span><\/h3>\n<p><span style=\"font-weight: 400;\">Encuentro sobre fotograf\u00eda de paisaje y naturaleza en la Comunidad Valenciana (formato charla\/encuentro; entrada gratuita).<\/span><\/p>\n<ul>\n<li style=\"font-weight: 400;\" aria-level=\"1\"><b>Lugar:<\/b> <a href=\"https:\/\/maps.app.goo.gl\/bcWLFBBbVosfHggc8\" target=\"_blank\" rel=\"noopener\"><span style=\"font-weight: 400;\">Museo de Aguas de Alicante<\/span><\/a><\/li>\n<li style=\"font-weight: 400;\" aria-level=\"1\"><b>Hora:<\/b><span style=\"font-weight: 400;\"> 27.03.2026, 18:00\u201320:00<\/span><\/li>\n<li style=\"font-weight: 400;\" aria-level=\"1\"><b>Precio:<\/b><span style=\"font-weight: 400;\"> gratis<\/span><\/li>\n<li style=\"font-weight: 400;\" aria-level=\"1\"><a href=\"https:\/\/www.eventbrite.es\/e\/entradas-territorio-paisaje-y-fotografia-de-naturaleza-en-la-comunitat-valenciana-1985733680894?aff=ebdssbdestsearch\" target=\"_blank\" rel=\"noopener\"><span style=\"font-weight: 400;\">Reservar<\/span><\/a><\/li>\n<\/ul>\n<h3><span style=\"font-weight: 400;\">Temporada Sinf\u00f3nica ADDA \u2013 \u201cEscandinavia\u201d<\/span><\/h3>\n<p><span style=\"font-weight: 400;\">Velada sinf\u00f3nica en ADDA dentro de la temporada 2025\u20132026 (programa \u201cEscandinavia\u201d).<\/span><\/p>\n<ul>\n<li style=\"font-weight: 400;\" aria-level=\"1\"><b>Lugar:<\/b> <a href=\"https:\/\/maps.app.goo.gl\/z2gB82RKGk4khojeA\" target=\"_blank\" rel=\"noopener\"><span style=\"font-weight: 400;\">ADDA (Auditorio de la Diputaci\u00f3n de Alicante)<\/span><\/a><\/li>\n<li style=\"font-weight: 400;\" aria-level=\"1\"><b>Hora:<\/b><span style=\"font-weight: 400;\"> 27.03.2026, 20:00<\/span><\/li>\n<li style=\"font-weight: 400;\" aria-level=\"1\"><b>Precio:<\/b><span style=\"font-weight: 400;\"> 24 \u2013 45 \u20ac<\/span><\/li>\n<li style=\"font-weight: 400;\" aria-level=\"1\"><a href=\"https:\/\/adda.janto.es\/espectaculo\/t15a9-adda%C2%B7simfonicacarneirolluna-escandinavia\/ESCANDINAVIA\" target=\"_blank\" rel=\"noopener\"><span style=\"font-weight: 400;\">Comprar entrada<\/span><\/a><\/li>\n<\/ul>\n<h3><span style=\"font-weight: 400;\">Concierto de Kaos Urbano + Desklate<\/span><\/h3>\n<p><span style=\"font-weight: 400;\">Noche de punk\/Oi! en Marearock: Kaos Urbano y Desklate en un mismo concierto.<\/span><\/p>\n<ul>\n<li style=\"font-weight: 400;\" aria-level=\"1\"><b>Lugar:<\/b> <a href=\"https:\/\/maps.app.goo.gl\/J7zUkykPSJjFTMvu6\" target=\"_blank\" rel=\"noopener\"><span style=\"font-weight: 400;\">Sala Marearock<\/span><\/a><\/li>\n<li style=\"font-weight: 400;\" aria-level=\"1\"><b>Hora:<\/b><span style=\"font-weight: 400;\"> 27.03.2026, 22:30<\/span><\/li>\n<li style=\"font-weight: 400;\" aria-level=\"1\"><b>Precio:<\/b><span style=\"font-weight: 400;\"> desde 19,80 \u20ac<\/span><\/li>\n<li style=\"font-weight: 400;\" aria-level=\"1\"><a href=\"https:\/\/www.enterticket.es\/eventos\/concierto-de-kaos-urbano-en-alicante-477040\" target=\"_blank\" rel=\"noopener\"><span style=\"font-weight: 400;\">Comprar entrada<\/span><\/a><\/li>\n<\/ul>\n<h3><span style=\"font-weight: 400;\">Espect\u00e1culo Il Forno Fantastik: Salvatore y Copetin (Menutsbarris)<\/span><\/h3>\n<p><span style=\"font-weight: 400;\">Espect\u00e1culo familiar\/infantil (formato Menutsbarris; con inscripci\u00f3n).<\/span><\/p>\n<ul>\n<li style=\"font-weight: 400;\" aria-level=\"1\"><b>Lugar:<\/b> <a href=\"https:\/\/maps.app.goo.gl\/2GdWsJfGwrVzvK8y9\" target=\"_blank\" rel=\"noopener\"><span style=\"font-weight: 400;\">Centro Social Comunitario \u201cGast\u00f3n Castell\u00f3\u201d<\/span><\/a><\/li>\n<li style=\"font-weight: 400;\" aria-level=\"1\"><b>Hora:<\/b><span style=\"font-weight: 400;\"> 27.03.2026, 18:30<\/span><\/li>\n<li style=\"font-weight: 400;\" aria-level=\"1\"><b>Precio:<\/b><span style=\"font-weight: 400;\"> gratis (con inscripci\u00f3n)<\/span><\/li>\n<li style=\"font-weight: 400;\" aria-level=\"1\"><a href=\"https:\/\/www.eventbrite.es\/e\/entradas-il-forno-fantastik-salvatore-y-copetinmenutsbarris-1984045849545?aff=ebdssbdestsearch\" target=\"_blank\" rel=\"noopener\"><span style=\"font-weight: 400;\">Reservar<\/span><\/a><\/li>\n<\/ul>\n<h2><span style=\"font-weight: 400;\">28 de marzo (s\u00e1b)<\/span><\/h2>\n<h3><span style=\"font-weight: 400;\">Espect\u00e1culo infantil KIDS &amp; STORIES \u201cNobody wants to play with me\u201d<\/span><\/h3>\n<p><span style=\"font-weight: 400;\">Breve espect\u00e1culo infantil en ingl\u00e9s (formato Kids &amp; Stories), edad recomendada de 3 a 10 a\u00f1os.<\/span><\/p>\n<ul>\n<li style=\"font-weight: 400;\" aria-level=\"1\"><b>Lugar:<\/b> <a href=\"https:\/\/maps.app.goo.gl\/ePpBU1fBmjQXYdij8\" target=\"_blank\" rel=\"noopener\"><span style=\"font-weight: 400;\">Teatro Principal de Alicante<\/span><\/a><\/li>\n<li style=\"font-weight: 400;\" aria-level=\"1\"><b>Hora:<\/b><span style=\"font-weight: 400;\"> 28.03.2026, 12:00<\/span><\/li>\n<li style=\"font-weight: 400;\" aria-level=\"1\"><b>Precio:<\/b><span style=\"font-weight: 400;\"> 5 \u20ac<\/span><\/li>\n<li style=\"font-weight: 400;\" aria-level=\"1\"><a href=\"https:\/\/www.teatroprincipaldealicante.com\/obra\/kids-stories-nobody-wants-to-play-with-me\/\" target=\"_blank\" rel=\"noopener\"><span style=\"font-weight: 400;\">Comprar entrada<\/span><\/a><\/li>\n<\/ul>\n<h3><span style=\"font-weight: 400;\">Gala L\u00edrica \u201c175 a\u00f1os Chapi, zarzuela\u201d<\/span><\/h3>\n<p><span style=\"font-weight: 400;\">Gala con fragmentos de famosas zarzuelas (homenaje a Ruperto Chap\u00ed).<\/span><\/p>\n<ul>\n<li style=\"font-weight: 400;\" aria-level=\"1\"><b>Lugar:<\/b> <a href=\"https:\/\/maps.app.goo.gl\/ePpBU1fBmjQXYdij8\" target=\"_blank\" rel=\"noopener\"><span style=\"font-weight: 400;\">Teatro Principal de Alicante<\/span><\/a><\/li>\n<li style=\"font-weight: 400;\" aria-level=\"1\"><b>Hora:<\/b><span style=\"font-weight: 400;\"> 28.03.2026, 19:00<\/span><\/li>\n<li style=\"font-weight: 400;\" aria-level=\"1\"><b>Precio:<\/b><span style=\"font-weight: 400;\"> 12 \u2013 25 \u20ac<\/span><\/li>\n<li style=\"font-weight: 400;\" aria-level=\"1\"><a href=\"https:\/\/www.teatroprincipaldealicante.com\/obra\/ruperto-chapi-175-anos-de-zarzuela\/\" target=\"_blank\" rel=\"noopener\"><span style=\"font-weight: 400;\">Comprar entrada<\/span><\/a><\/li>\n<\/ul>\n<h3><span style=\"font-weight: 400;\">Concierto de saxof\u00f3n SoniArt 2026<\/span><\/h3>\n<p><span style=\"font-weight: 400;\">Concierto(s) de saxof\u00f3n dentro del ciclo SoniArt en el MACA (entrada gratuita hasta completar aforo \u2013 consulte los detalles en la p\u00e1gina).<\/span><\/p>\n<ul>\n<li style=\"font-weight: 400;\" aria-level=\"1\"><b>Lugar:<\/b> <a href=\"https:\/\/maps.app.goo.gl\/sHvDDHptmxDKuJWL9\" target=\"_blank\" rel=\"noopener\"><span style=\"font-weight: 400;\">MACA<\/span><\/a><span style=\"font-weight: 400;\"> (Museo de Arte Contempor\u00e1neo de Alicante)<\/span><\/li>\n<li style=\"font-weight: 400;\" aria-level=\"1\"><b>Hora:<\/b><span style=\"font-weight: 400;\"> 28.03.2026, 18:00<\/span><\/li>\n<li style=\"font-weight: 400;\" aria-level=\"1\"><b>Precio:<\/b><span style=\"font-weight: 400;\"> gratis<\/span><\/li>\n<li style=\"font-weight: 400;\" aria-level=\"1\"><a href=\"https:\/\/alicanteout.com\/conciertos-y-festivales-en-alicante\/soniart-2026-conciertos-de-saxofon-en-el-maca\/\" target=\"_blank\" rel=\"noopener\"><span style=\"font-weight: 400;\">Reservar<\/span><\/a><\/li>\n<\/ul>\n<h3><span style=\"font-weight: 400;\">Concierto de Guiu Cort\u00e9s vs El Ni\u00f1o de la Hipoteca<\/span><\/h3>\n<p><span style=\"font-weight: 400;\">Velada ac\u00fastica de \u201ccanciones de cerca\u201d en formato de club.<\/span><\/p>\n<ul>\n<li style=\"font-weight: 400;\" aria-level=\"1\"><b>Lugar:<\/b> <a href=\"https:\/\/maps.app.goo.gl\/3Q7BdQFqXYLTMQey7\" target=\"_blank\" rel=\"noopener\"><span style=\"font-weight: 400;\">Sala Euterpe<\/span><\/a><span style=\"font-weight: 400;\"> (Sant Joan d\u2019Alacant)<\/span><\/li>\n<li style=\"font-weight: 400;\" aria-level=\"1\"><b>Hora:<\/b><span style=\"font-weight: 400;\"> 28.03.2026 \u2013 apertura 19:00<\/span><\/li>\n<li style=\"font-weight: 400;\" aria-level=\"1\"><b>Precio:<\/b><span style=\"font-weight: 400;\"> 5 \u2013 20 \u20ac<\/span><\/li>\n<li style=\"font-weight: 400;\" aria-level=\"1\"><a href=\"https:\/\/entradas.salaeuterpe.com\/web\/?menu=1162&amp;pagina=entradas&amp;item=58144&amp;siteID=salaeuterpe\" target=\"_blank\" rel=\"noopener\"><span style=\"font-weight: 400;\">Comprar entrada<\/span><\/a><\/li>\n<\/ul>\n<h3><span style=\"font-weight: 400;\">ARMENIAN \u2013 Tributo a System of a Down (Sala Marearock)<\/span><\/h3>\n<p><span style=\"font-weight: 400;\">Tributo a System of a Down en Marearock.<\/span><\/p>\n<ul>\n<li style=\"font-weight: 400;\" aria-level=\"1\"><b>Lugar:<\/b> <a href=\"https:\/\/maps.app.goo.gl\/DsFdXnDx1qR4D2Ru6\" target=\"_blank\" rel=\"noopener\"><span style=\"font-weight: 400;\">Sala Marearock<\/span><\/a><\/li>\n<li style=\"font-weight: 400;\" aria-level=\"1\"><b>Hora:<\/b><span style=\"font-weight: 400;\"> 28.03.2026, 22:00<\/span><\/li>\n<li style=\"font-weight: 400;\" aria-level=\"1\"><b>Precio:<\/b><span style=\"font-weight: 400;\"> desde 15 \u20ac + gastos de gesti\u00f3n online \/ 18 \u20ac en taquilla<\/span><\/li>\n<li style=\"font-weight: 400;\" aria-level=\"1\"><a href=\"https:\/\/entradasmarearock.com\/event\/armenian-tributo-a-system-of-a-down\" target=\"_blank\" rel=\"noopener\"><span style=\"font-weight: 400;\">Comprar entrada<\/span><\/a><\/li>\n<\/ul>\n<h3><span style=\"font-weight: 400;\">Jazz Night (Di Giorgio) \u2013 D-Cat<\/span><\/h3>\n<p><span style=\"font-weight: 400;\">Noche de jazz en formato bar (se recomienda reservar con antelaci\u00f3n por DM\/WhatsApp).<\/span><\/p>\n<ul>\n<li style=\"font-weight: 400;\" aria-level=\"1\"><b>Lugar:<\/b> <a href=\"https:\/\/maps.app.goo.gl\/VFyj6x24RzJaqBrYA\" target=\"_blank\" rel=\"noopener\"><span style=\"font-weight: 400;\">Giorgio Wine &amp; Cocktail<\/span><\/a><\/li>\n<li style=\"font-weight: 400;\" aria-level=\"1\"><b>Hora:<\/b><span style=\"font-weight: 400;\"> s\u00e1bado, 28.03.2026 \u2013 21:00<\/span><\/li>\n<li style=\"font-weight: 400;\" aria-level=\"1\"><b>Precio:<\/b><span style=\"font-weight: 400;\"> gratis<\/span><\/li>\n<li style=\"font-weight: 400;\" aria-level=\"1\"><a href=\"https:\/\/www.instagram.com\/p\/DWOlR5jjJ7z\/\" target=\"_blank\" rel=\"noopener\"><span style=\"font-weight: 400;\">Reservar<\/span><\/a><\/li>\n<\/ul>\n<h2><span style=\"font-weight: 400;\">29 de marzo (dom)<\/span><\/h2>\n<h3><span style=\"font-weight: 400;\">Concierto de Sandra Bautista<\/span><\/h3>\n<p><span style=\"font-weight: 400;\">Concierto \u00edntimo de \u201cvoz + guitarra\u201d (formato club).<\/span><\/p>\n<ul>\n<li style=\"font-weight: 400;\" aria-level=\"1\"><b>Lugar:<\/b> <a href=\"https:\/\/maps.app.goo.gl\/CWp6oRjHdcvpZiXp6\" target=\"_blank\" rel=\"noopener\"><span style=\"font-weight: 400;\">Sala Euterpe<\/span><\/a><span style=\"font-weight: 400;\"> (Sant Joan d\u2019Alacant)<\/span><\/li>\n<li style=\"font-weight: 400;\" aria-level=\"1\"><b>Hora:<\/b><span style=\"font-weight: 400;\"> 29.03.2026 \u2013 apertura 19:30<\/span><\/li>\n<li style=\"font-weight: 400;\" aria-level=\"1\"><b>Precio:<\/b><span style=\"font-weight: 400;\"> 10 \u20ac<\/span><\/li>\n<li style=\"font-weight: 400;\" aria-level=\"1\"><a href=\"https:\/\/salaeuterpe.com\/event\/sandra-bautista\/\" target=\"_blank\" rel=\"noopener\"><span style=\"font-weight: 400;\">Comprar entrada<\/span><\/a><\/li>\n<\/ul>\n<h3><span style=\"font-weight: 400;\">Espect\u00e1culo Pijama para seis (Teatro Principal)<\/span><\/h3>\n<p><span style=\"font-weight: 400;\">Comedia sobre el \u201cplan perfecto\u201d que no sale seg\u00fan lo previsto.<\/span><\/p>\n<ul>\n<li style=\"font-weight: 400;\" aria-level=\"1\"><b>Lugar:<\/b> <a href=\"https:\/\/maps.app.goo.gl\/ePpBU1fBmjQXYdij8\" target=\"_blank\" rel=\"noopener\"><span style=\"font-weight: 400;\">Teatro Principal de Alicante<\/span><\/a><\/li>\n<li style=\"font-weight: 400;\" aria-level=\"1\"><b>Hora:<\/b><span style=\"font-weight: 400;\"> 29.03.2026 \u2013 17:00 y 19:00<\/span><\/li>\n<li style=\"font-weight: 400;\" aria-level=\"1\"><b>Precio:<\/b><span style=\"font-weight: 400;\"> 12 \u2013 25 \u20ac<\/span><\/li>\n<li style=\"font-weight: 400;\" aria-level=\"1\"><a href=\"https:\/\/www.teatroprincipaldealicante.com\/obra\/pijama-para-seis\/\" target=\"_blank\" rel=\"noopener\"><span style=\"font-weight: 400;\">Comprar entrada<\/span><\/a><\/li>\n<\/ul>\n<h3><b>Sunday Funday \u2013 Stand-Up Comedy Show in English<\/b><\/h3>\n<p><span style=\"font-weight: 400;\">Mon\u00f3logo en ingl\u00e9s en formato bar.<\/span><\/p>\n<ul>\n<li style=\"font-weight: 400;\" aria-level=\"1\"><b>Lugar:<\/b> <a href=\"https:\/\/maps.app.goo.gl\/fWWne3KMaxQPC1z56\" target=\"_blank\" rel=\"noopener\"><span style=\"font-weight: 400;\">Bubbles Beer Club<\/span><\/a><\/li>\n<li style=\"font-weight: 400;\" aria-level=\"1\"><b>Hora:<\/b><span style=\"font-weight: 400;\"> 29.03.2026, 20:00<\/span><\/li>\n<li style=\"font-weight: 400;\" aria-level=\"1\"><b>Precio:<\/b><span style=\"font-weight: 400;\"> 8,54 \u20ac<\/span><\/li>\n<li style=\"font-weight: 400;\" aria-level=\"1\"><a href=\"https:\/\/www.eventbrite.es\/e\/sunday-funday-stand-up-comedy-show-in-english-tickets-1984725980836?aff=ebdssbdestsearch\" target=\"_blank\" rel=\"noopener\"><span style=\"font-weight: 400;\">Comprar entrada<\/span><\/a><\/li>\n<\/ul>\n<h3><span style=\"font-weight: 400;\">Primavera en Parques (Parque de Canalejas)<\/span><\/h3>\n<p><span style=\"font-weight: 400;\">Actividades culturales familiares al aire libre (entrada gratuita; consulte el programa en la p\u00e1gina).<\/span><\/p>\n<ul>\n<li style=\"font-weight: 400;\" aria-level=\"1\"><b>Lugar:<\/b> <a href=\"https:\/\/maps.app.goo.gl\/b5eX5SwhNTZWFpGx7\" target=\"_blank\" rel=\"noopener\"><span style=\"font-weight: 400;\">Parque de Canalejas<\/span><\/a><\/li>\n<li style=\"font-weight: 400;\" aria-level=\"1\"><b>Hora:<\/b><span style=\"font-weight: 400;\"> 29.03.2026, 11:00 o 12:00<\/span><\/li>\n<li style=\"font-weight: 400;\" aria-level=\"1\"><b>Precio:<\/b><span style=\"font-weight: 400;\"> gratis<\/span><\/li>\n<li style=\"font-weight: 400;\" aria-level=\"1\"><a href=\"https:\/\/alicanteout.com\/planes-con-ninos-en-alicante\/primavera-en-parques-actividades-culturales-en-familia\/\" target=\"_blank\" rel=\"noopener\"><span style=\"font-weight: 400;\">Informaci\u00f3n<\/span><\/a><\/li>\n<\/ul>\n<h2><span style=\"font-weight: 400;\">Cualquier d\u00eda (27\u201329 de marzo) \u2013 exposiciones y planes en familia<\/span><\/h2>\n<h3><span style=\"font-weight: 400;\">MUBAG \u2013 exposiciones actuales<\/span><\/h3>\n<p><span style=\"font-weight: 400;\">Exposiciones actuales en el Museo de Bellas Artes Gravina (consulte los horarios y la programaci\u00f3n en la p\u00e1gina del museo).<\/span><\/p>\n<ul>\n<li style=\"font-weight: 400;\" aria-level=\"1\"><span style=\"font-weight: 400;\">Lugar: <\/span><a href=\"https:\/\/maps.app.goo.gl\/yF6EEXWUNnatJjgWA\" target=\"_blank\" rel=\"noopener\"><span style=\"font-weight: 400;\">MUBAG<\/span><\/a><span style=\"font-weight: 400;\"> (Museo de Bellas Artes Gravina)<\/span><\/li>\n<li style=\"font-weight: 400;\" aria-level=\"1\"><span style=\"font-weight: 400;\">Hora: seg\u00fan el horario del museo<\/span><\/li>\n<li style=\"font-weight: 400;\" aria-level=\"1\"><a href=\"https:\/\/www.mubag.es\/exposiciones-actuales\/\" target=\"_blank\" rel=\"noopener\"><span style=\"font-weight: 400;\">Informaci\u00f3n<\/span><\/a><\/li>\n<\/ul>\n<h3><span style=\"font-weight: 400;\">MUA \u2013 exposiciones en el campus de la UA<\/span><\/h3>\n<p><span style=\"font-weight: 400;\">Tres exposiciones actuales del MUA: gender-art (mulier, mulieris) y exposiciones conmemorativas de las facultades.<\/span><\/p>\n<ul>\n<li style=\"font-weight: 400;\" aria-level=\"1\"><span style=\"font-weight: 400;\">Lugar: <\/span><a href=\"https:\/\/maps.app.goo.gl\/KoZo4PeNWXDEipyE8\" target=\"_blank\" rel=\"noopener\"><span style=\"font-weight: 400;\">MUA<\/span><\/a><span style=\"font-weight: 400;\"> (Museo de la Universidad de Alicante), San Vicente del Raspeig<\/span><\/li>\n<li style=\"font-weight: 400;\" aria-level=\"1\"><span style=\"font-weight: 400;\">Hora: lun\u2013vie 09:00\u201320:00; s\u00e1b\u2013dom 10:00\u201314:00<\/span><\/li>\n<li style=\"font-weight: 400;\" aria-level=\"1\"><span style=\"font-weight: 400;\">mulier, mulieris 2026 \u2013 <\/span><a href=\"https:\/\/www.mua.ua.es\/pagina.php?opc=3&amp;lang=1&amp;id=494\" target=\"_blank\" rel=\"noopener\"><span style=\"font-weight: 400;\">detalles<\/span><\/a><\/li>\n<li style=\"font-weight: 400;\" aria-level=\"1\"><span style=\"font-weight: 400;\">50 Aniversario: Facultad de Filosof\u00eda y Letras \u2013 <\/span><a href=\"https:\/\/www.mua.ua.es\/pagina.php?opc=3&amp;lang=1&amp;id=490\" target=\"_blank\" rel=\"noopener\"><span style=\"font-weight: 400;\">detalles<\/span><\/a><\/li>\n<li style=\"font-weight: 400;\" aria-level=\"1\"><span style=\"font-weight: 400;\">50 Aniversario: Facultad de Ciencias \u2013 <\/span><a href=\"https:\/\/www.mua.ua.es\/pagina.php?opc=3&amp;lang=1&amp;id=491\" target=\"_blank\" rel=\"noopener\"><span style=\"font-weight: 400;\">detalles<\/span><\/a><\/li>\n<li style=\"font-weight: 400;\" aria-level=\"1\"><span style=\"font-weight: 400;\">Tri\u00e1logos. Conversaciones a tres voces en la colecci\u00f3n del MUA \u2013 <\/span><a href=\"https:\/\/www.mua.ua.es\/pagina.php?opc=3&amp;lang=1&amp;id=485\" target=\"_blank\" rel=\"noopener\"><span style=\"font-weight: 400;\">detalles<\/span><\/a><\/li>\n<\/ul>\n<h3><span style=\"font-weight: 400;\">\u201cS\u00e1bados en el museo\u201d (Museo The Ocean Race) \u2013 con reserva<\/span><\/h3>\n<p><span style=\"font-weight: 400;\">Actividades familiares en el Museo The Ocean Race: formato con reserva previa (el calendario est\u00e1 disponible en la p\u00e1gina).<\/span><\/p>\n<ul>\n<li style=\"font-weight: 400;\" aria-level=\"1\"><span style=\"font-weight: 400;\">Lugar: <\/span><a href=\"https:\/\/maps.app.goo.gl\/7dornPwXtUKmLfLb7\" target=\"_blank\" rel=\"noopener\"><span style=\"font-weight: 400;\">Museo The Ocean Race<\/span><\/a><\/li>\n<li style=\"font-weight: 400;\" aria-level=\"1\"><span style=\"font-weight: 400;\">Hora: 12:00 (la fecha depende del calendario de reservas)<\/span><\/li>\n<li style=\"font-weight: 400;\" aria-level=\"1\"><a href=\"https:\/\/www.theoceanrace.com\/es\/museum\/activities\/9_Sabados-en-el-museo\" target=\"_blank\" rel=\"noopener\"><span style=\"font-weight: 400;\">Reservar plaza<\/span><\/a><\/li>\n<\/ul>\n<h2>\u00bfD\u00f3nde alojarse para llegar a todo?<\/h2>\n<p>Un fin de semana intenso requiere una buena planificaci\u00f3n: la l\u00f3gica es sencilla \u2013 alojarse en un punto desde el que sea c\u00f3modo llegar tanto a los conciertos de la noche como a las exposiciones diurnas y a los paseos junto al mar.<\/p>\n<p><a href=\"https:\/\/alicante-smarthotel.com\/es\/\">Alicante Smart Hotel<\/a> encaja perfectamente con el formato de una \u201cescapada inteligente\u201d, cuando la ciudad est\u00e1 cerca y el descanso transcurre sin prisas ni complicaciones:<\/p>\n<ul>\n<li>ubicaci\u00f3n c\u00f3moda para llegar r\u00e1pidamente a los espacios clave,<\/li>\n<li>entrada anticipada y salida tard\u00eda (como opci\u00f3n, para no perder medio d\u00eda),<\/li>\n<li>desayuno en la habitaci\u00f3n (como opci\u00f3n),<\/li>\n<li>piscina,<\/li>\n<li>10% de descuento al reservar directamente en la web del hotel.<\/li>\n<\/ul>\n<p><span style=\"font-weight: 400;\"><a href=\"https:\/\/alicante-smarthotel.com\/es\/habitaciones\/\" target=\"_self\" style=\"display:inline-block;\n                      padding:10px 14px;\n                      border-radius:10px;\n                      text-decoration:none;\n                      margin-right:0px;\n                      background:#111;color:#fff;\">\n                Todas las habitaciones y reservas\n            <\/a><\/span><\/p>\n<p>La elecci\u00f3n de la habitaci\u00f3n depende del formato del viaje:<\/p>\n<ul>\n<li>Doble Est\u00e1ndar Superior \u2013 ideal para parejas o viajeros en solitario que buscan el m\u00e1ximo confort:<\/li>\n<\/ul>\n<p><span style=\"font-weight: 400;\"><a href=\"https:\/\/alicante-smarthotel.com\/es\/rooms\/doble-estandar-superior\/\" target=\"_self\" style=\"display:inline-block;\n                      padding:10px 14px;\n                      border-radius:10px;\n                      text-decoration:none;\n                      margin-right:0px;\n                      background:#e11d48;color:#fff;\">\n                Superior Double Standard\n            <\/a><\/span><\/p>\n<ul>\n<li>Doble Est\u00e1ndar con Terraza \u2013 perfecta para quienes valoran tener su propio espacio al aire libre.<\/li>\n<\/ul>\n<p><span style=\"font-weight: 400;\"><a href=\"https:\/\/alicante-smarthotel.com\/es\/rooms\/doble-estandar-con-terraza\/\" target=\"_self\" style=\"display:inline-block;\n                      padding:10px 14px;\n                      border-radius:10px;\n                      text-decoration:none;\n                      margin-right:0px;\n                      background:#e11d48;color:#fff;\">\n                Double Standard with Terrace\n            <\/a><\/span><\/p>\n<ul>\n<li>Triple Superior \u2013 una opci\u00f3n pr\u00e1ctica y c\u00f3moda para familias o peque\u00f1os grupos:<\/li>\n<\/ul>\n<p><span style=\"font-weight: 400;\"><a href=\"https:\/\/alicante-smarthotel.com\/es\/rooms\/triple-superior\/\" target=\"_self\" style=\"display:inline-block;\n                      padding:10px 14px;\n                      border-radius:10px;\n                      text-decoration:none;\n                      margin-right:0px;\n                      background:#e11d48;color:#fff;\">\n                Superior Triple Room\n            <\/a><\/span><\/p>\n<p>Para que la escapada de fin de semana sea todav\u00eda m\u00e1s f\u00e1cil y c\u00f3moda, Alicante Smart Hotel ofrece varias opciones adicionales que encajan de forma natural en un itinerario de 2\u20133 d\u00edas.<\/p>\n<ul>\n<li>Desayuno en la habitaci\u00f3n.<\/li>\n<li>Para ocasiones especiales \u2013 o simplemente para a\u00f1adir un ambiente festivo \u2013 el hotel dispone de celebration packs.<\/li>\n<li>Tambi\u00e9n es posible organizar un traslado desde el aeropuerto de Alicante \u2013 desde 30 \u20ac.<\/li>\n<li>Adem\u00e1s, hay opciones de entrada anticipada y salida tard\u00eda \u2013 para aprovechar el fin de semana al m\u00e1ximo.<\/li>\n<\/ul>\n<p>    <div class=\"cta\" style=\"border: 2px solid #111; border-radius: 12px; padding: 14px; margin: 18px 0;\">\n        <p style=\"margin: 0 0 10px 0;\">\n            <strong>\u2728<strong>Club Alegr\u00eda<\/strong><\/strong><br>\n            \u00danete a nuestro club y disfruta de sus ventajas:<\/p>\n<p>\u271410% de descuento exclusivo<br \/>\n\u2714Agua de cortes\u00eda<br \/>\n\u2714Check-out a las 13:00<br \/>\n\u2714Early check-in a las 14:00        <\/p>\n        <p style=\"margin: 0;\">\n            <a style=\"display: inline-block; padding: 10px 14px; background: #BE9254; color: #fff; border-radius: 10px; text-decoration: none;\" href=\"https:\/\/alicante-smarthotel.com\/es\/habitaciones\/\">\n                Reserva con un 10% de descuento            <\/a>\n        <\/p>\n    <\/div>\n    <\/p>","protected":false},"excerpt":{"rendered":"<p>A continuaci\u00f3n \u2013 una selecci\u00f3n de eventos en Alicante y alrededores para el pr\u00f3ximo fin de semana (viernes\u2013domingo, 27\u201329 de marzo de 2026). Para cada evento se indican el lugar, la hora, el precio y el enlace para entradas (o para la p\u00e1gina del evento). Se recomienda volver a comprobar la vigencia del horario antes\u2026<\/p>\n","protected":false},"author":2,"featured_media":719,"comment_status":"closed","ping_status":"closed","sticky":false,"template":"","format":"standard","meta":{"footnotes":""},"categories":[1],"tags":[],"class_list":["post-718","post","type-post","status-publish","format-standard","has-post-thumbnail","hentry","category-articles"],"_links":{"self":[{"href":"https:\/\/alicante-smarthotel.com\/es\/wp-json\/wp\/v2\/posts\/718","targetHints":{"allow":["GET"]}}],"collection":[{"href":"https:\/\/alicante-smarthotel.com\/es\/wp-json\/wp\/v2\/posts"}],"about":[{"href":"https:\/\/alicante-smarthotel.com\/es\/wp-json\/wp\/v2\/types\/post"}],"author":[{"embeddable":true,"href":"https:\/\/alicante-smarthotel.com\/es\/wp-json\/wp\/v2\/users\/2"}],"replies":[{"embeddable":true,"href":"https:\/\/alicante-smarthotel.com\/es\/wp-json\/wp\/v2\/comments?post=718"}],"version-history":[{"count":3,"href":"https:\/\/alicante-smarthotel.com\/es\/wp-json\/wp\/v2\/posts\/718\/revisions"}],"predecessor-version":[{"id":724,"href":"https:\/\/alicante-smarthotel.com\/es\/wp-json\/wp\/v2\/posts\/718\/revisions\/724"}],"wp:featuredmedia":[{"embeddable":true,"href":"https:\/\/alicante-smarthotel.com\/es\/wp-json\/wp\/v2\/media\/719"}],"wp:attachment":[{"href":"https:\/\/alicante-smarthotel.com\/es\/wp-json\/wp\/v2\/media?parent=718"}],"wp:term":[{"taxonomy":"category","embeddable":true,"href":"https:\/\/alicante-smarthotel.com\/es\/wp-json\/wp\/v2\/categories?post=718"},{"taxonomy":"post_tag","embeddable":true,"href":"https:\/\/alicante-smarthotel.com\/es\/wp-json\/wp\/v2\/tags?post=718"}],"curies":[{"name":"wp","href":"https:\/\/api.w.org\/{rel}","templated":true}]}}