{"id":655,"date":"2026-03-19T18:20:27","date_gmt":"2026-03-19T15:20:27","guid":{"rendered":"https:\/\/alicante-smarthotel.com\/?p=655"},"modified":"2026-03-19T18:23:21","modified_gmt":"2026-03-19T15:23:21","slug":"manga-salon-in-alicante","status":"publish","type":"post","link":"https:\/\/alicante-smarthotel.com\/es\/manga-salon-in-alicante\/","title":{"rendered":"El Sal\u00f3n del Manga de Alicante se celebrar\u00e1 los d\u00edas 28 y 29 de marzo de 2026 en Fira Alacant"},"content":{"rendered":"<p>En Alicante, los d\u00edas 28 y 29 de marzo de 2026 se celebrar\u00e1 el <a href=\"https:\/\/www.japanweekend.com\/alicante\/\" target=\"_blank\" rel=\"noopener\">Sal\u00f3n del Manga de Alicante 2026<\/a>. El evento tendr\u00e1 lugar en Fira Alacant y estar\u00e1 organizado por Japan Weekend. Las entradas ya est\u00e1n a la venta, y el cartel oficial de esta nueva edici\u00f3n ha sido realizado por la ilustradora Essie Lop.<\/p>\n<h2>Invitados principales<\/h2>\n<p>Los organizadores ya han presentado a los primeros participantes del festival. Entre los invitados anunciados se encuentran:<\/p>\n<ul>\n<li>Hiroshi Kitadani \u2013 cantante;<\/li>\n<li>MindaRyn \u2013 cantante;<\/li>\n<li>Essie Lop \u2013 ilustradora;<\/li>\n<li>Hermione \u2013 cosplayer;<\/li>\n<li>Kujalice \u2013 cosplayer;<\/li>\n<li>Hummy \u2013 cosplayer;<\/li>\n<li>Sara Vivas \u2013 actriz de doblaje;<\/li>\n<li>Carlos Ysbert \u2013 actor de doblaje.<\/li>\n<\/ul>\n<h2>Qu\u00e9 incluir\u00e1 el programa<\/h2>\n<p>En el escenario principal est\u00e1n previstos un encuentro con Carlos Ysbert y Sara Vivas, los conciertos de MindaRyn y Hiroshi Kitadani, el concurso de cosplay, Asian Cover Dance, Idol Festival y las ceremonias de entrega de premios. Adem\u00e1s, habr\u00e1 una K-pop Zone con Random Dance Play, concursos tem\u00e1ticos, bloques de baile y talleres.<\/p>\n<p>Asimismo, los visitantes podr\u00e1n disfrutar de actividades gratuitas y talleres. En la p\u00e1gina oficial del programa figuran zonas de juegos, torneos, demostraciones de juegos de mesa, actividades inspiradas en la cultura pop, talleres de caligraf\u00eda japonesa, origami, lengua coreana y otros formatos tem\u00e1ticos. Tambi\u00e9n habr\u00e1 una zona de firmas y un \u00e1rea para creadores.<\/p>\n<h2>Ubicaci\u00f3n e informaci\u00f3n \u00fatil<\/h2>\n<p>El evento se celebrar\u00e1 en: Fira Alacant, Carretera N-340, km 731, 03320 Elche, Alicante. El recinto est\u00e1 situado entre Alicante y Elche, junto al aeropuerto internacional de El Altet. En el recinto habr\u00e1 puntos de restauraci\u00f3n y, adem\u00e1s, se permitir\u00e1 a los asistentes llevar su propia comida.<\/p>\n<p>Puede consultarse m\u00e1s informaci\u00f3n sobre el evento y el programa en la <a href=\"https:\/\/www.japanweekend.com\/alicante\/\" target=\"_blank\" rel=\"noopener\">p\u00e1gina oficial del festival<\/a>, y las entradas est\u00e1n disponibles en la <a href=\"https:\/\/entradas.japanweekend.com\/\" target=\"_blank\" rel=\"noopener\">web de venta de Japan Weekend<\/a>.<\/p>","protected":false},"excerpt":{"rendered":"<p>En Alicante, los d\u00edas 28 y 29 de marzo de 2026 se celebrar\u00e1 el Sal\u00f3n del Manga de Alicante 2026. El evento tendr\u00e1 lugar en Fira Alacant y estar\u00e1 organizado por Japan Weekend. Las entradas ya est\u00e1n a la venta, y el cartel oficial de esta nueva edici\u00f3n ha sido realizado por la ilustradora Essie\u2026<\/p>\n","protected":false},"author":2,"featured_media":656,"comment_status":"closed","ping_status":"closed","sticky":false,"template":"","format":"standard","meta":{"footnotes":""},"categories":[1],"tags":[],"class_list":["post-655","post","type-post","status-publish","format-standard","has-post-thumbnail","hentry","category-articles"],"_links":{"self":[{"href":"https:\/\/alicante-smarthotel.com\/es\/wp-json\/wp\/v2\/posts\/655","targetHints":{"allow":["GET"]}}],"collection":[{"href":"https:\/\/alicante-smarthotel.com\/es\/wp-json\/wp\/v2\/posts"}],"about":[{"href":"https:\/\/alicante-smarthotel.com\/es\/wp-json\/wp\/v2\/types\/post"}],"author":[{"embeddable":true,"href":"https:\/\/alicante-smarthotel.com\/es\/wp-json\/wp\/v2\/users\/2"}],"replies":[{"embeddable":true,"href":"https:\/\/alicante-smarthotel.com\/es\/wp-json\/wp\/v2\/comments?post=655"}],"version-history":[{"count":3,"href":"https:\/\/alicante-smarthotel.com\/es\/wp-json\/wp\/v2\/posts\/655\/revisions"}],"predecessor-version":[{"id":659,"href":"https:\/\/alicante-smarthotel.com\/es\/wp-json\/wp\/v2\/posts\/655\/revisions\/659"}],"wp:featuredmedia":[{"embeddable":true,"href":"https:\/\/alicante-smarthotel.com\/es\/wp-json\/wp\/v2\/media\/656"}],"wp:attachment":[{"href":"https:\/\/alicante-smarthotel.com\/es\/wp-json\/wp\/v2\/media?parent=655"}],"wp:term":[{"taxonomy":"category","embeddable":true,"href":"https:\/\/alicante-smarthotel.com\/es\/wp-json\/wp\/v2\/categories?post=655"},{"taxonomy":"post_tag","embeddable":true,"href":"https:\/\/alicante-smarthotel.com\/es\/wp-json\/wp\/v2\/tags?post=655"}],"curies":[{"name":"wp","href":"https:\/\/api.w.org\/{rel}","templated":true}]}}