{"id":639,"date":"2026-03-17T20:42:41","date_gmt":"2026-03-17T17:42:41","guid":{"rendered":"https:\/\/alicante-smarthotel.com\/?p=639"},"modified":"2026-03-17T20:49:02","modified_gmt":"2026-03-17T17:49:02","slug":"alicante-weekend-guide-march-20-22","status":"publish","type":"post","link":"https:\/\/alicante-smarthotel.com\/es\/alicante-weekend-guide-march-20-22\/","title":{"rendered":"Fin de semana en Alicante \u2013 Agenda de eventos para el 20\u201322 de marzo de 2026"},"content":{"rendered":"<p><span style=\"font-weight: 400;\">A continuaci\u00f3n \u2013 una selecci\u00f3n de eventos en Alicante para el pr\u00f3ximo fin de semana (viernes\u2013domingo, 20\u201322 de marzo de 2026). Para cada evento se indica el lugar, la hora y un enlace para entradas (o la p\u00e1gina del evento). Se recomienda volver a comprobar la vigencia del programa antes de salir.<\/span><\/p>\n<h2><span style=\"font-weight: 400;\">20 de marzo (vie)<\/span><\/h2>\n<h3><span style=\"font-weight: 400;\">Exhibici\u00f3n Poetry Slam Alicante 2026 (Escena D\u2019Aci)<\/span><\/h3>\n<p><span style=\"font-weight: 400;\">Muestra de poetry slam: actuaciones en formato de lecturas cortas.<\/span><\/p>\n<ul>\n<li style=\"font-weight: 400;\" aria-level=\"1\"><b>Lugar:<\/b> <a href=\"https:\/\/maps.app.goo.gl\/aW9vkJddFJUqoRC88\" target=\"_blank\" rel=\"noopener\"><span style=\"font-weight: 400;\">Centro Municipal de Las Artes, Alicante<\/span><\/a><\/li>\n<li style=\"font-weight: 400;\" aria-level=\"1\"><b>Hora:<\/b><span style=\"font-weight: 400;\"> 20.03.2026, 18:30<\/span><\/li>\n<li style=\"font-weight: 400;\" aria-level=\"1\"><b>Precio:<\/b><span style=\"font-weight: 400;\"> gratis (con inscripci\u00f3n)<\/span><\/li>\n<li style=\"font-weight: 400;\" aria-level=\"1\"><a href=\"https:\/\/www.eventbrite.es\/e\/entradas-exhibicion-poetry-slam-alicante-2026-escena-daci-1983952046979?aff=erellivmlt\" target=\"_blank\" rel=\"noopener\"><span style=\"font-weight: 400;\">Reservar<\/span><\/a><\/li>\n<\/ul>\n<h3><span style=\"font-weight: 400;\">La casita de chocolate (Teatro Los Claveles) \u2013 Menutsbarris<\/span><\/h3>\n<p><span style=\"font-weight: 400;\">Espect\u00e1culo familiar inspirado en el cuento de Hansel y Gretel.<\/span><\/p>\n<ul>\n<li style=\"font-weight: 400;\" aria-level=\"1\"><b>Lugar:<\/b> <a href=\"https:\/\/maps.app.goo.gl\/cxV626F2KnHXXZSG7\" target=\"_blank\" rel=\"noopener\"><span style=\"font-weight: 400;\">Centro Social Comunitario \u201cFelicidad S\u00e1nchez\u201d (Babel)<\/span><\/a><\/li>\n<li style=\"font-weight: 400;\" aria-level=\"1\"><b>Hora:<\/b><span style=\"font-weight: 400;\"> 20.03.2026, 18:30\u201319:30<\/span><\/li>\n<li style=\"font-weight: 400;\" aria-level=\"1\"><b>Precio:<\/b><span style=\"font-weight: 400;\"> gratis (con inscripci\u00f3n)<\/span><\/li>\n<li style=\"font-weight: 400;\" aria-level=\"1\"><a href=\"https:\/\/www.eventbrite.es\/e\/entradas-la-casita-de-chocolate-teatro-los-claveles-menutsbarris-1984114410613?aff=ebdssbdestsearch\" target=\"_blank\" rel=\"noopener\"><span style=\"font-weight: 400;\">Reservar<\/span><\/a><\/li>\n<\/ul>\n<h3><span style=\"font-weight: 400;\">Luis Ferc\u00e1n (Sala Euterpe)<\/span><\/h3>\n<p><span style=\"font-weight: 400;\">Concierto en formato club.<\/span><\/p>\n<ul>\n<li style=\"font-weight: 400;\" aria-level=\"1\"><b>Lugar:<\/b> <a href=\"https:\/\/maps.app.goo.gl\/3Q7BdQFqXYLTMQey7\" target=\"_blank\" rel=\"noopener\"><span style=\"font-weight: 400;\">Sala Euterpe<\/span><\/a><span style=\"font-weight: 400;\"> (Sant Joan d\u2019Alacant)<\/span><\/li>\n<li style=\"font-weight: 400;\" aria-level=\"1\"><b>Hora:<\/b><span style=\"font-weight: 400;\"> 20.03.2026 \u2013 puertas 21:30, inicio 22:00<\/span><\/li>\n<li style=\"font-weight: 400;\" aria-level=\"1\"><b>Precio:<\/b><span style=\"font-weight: 400;\"> 17 \u20ac + gastos<\/span><\/li>\n<li style=\"font-weight: 400;\" aria-level=\"1\"><a href=\"https:\/\/salaeuterpe.com\/event\/luis-fercan-2026\/\" target=\"_blank\" rel=\"noopener\"><span style=\"font-weight: 400;\">Comprar entrada<\/span><\/a><\/li>\n<\/ul>\n<h3><span style=\"font-weight: 400;\">Candlelight: Ed Sheeran vs. Coldplay (MARQ)<\/span><\/h3>\n<p><span style=\"font-weight: 400;\">Concierto de cuerda a la luz de las velas.<\/span><\/p>\n<ul>\n<li style=\"font-weight: 400;\" aria-level=\"1\"><b>Lugar:<\/b> <a href=\"https:\/\/maps.app.goo.gl\/Wtnz5CWpF3eQZkfN9\" target=\"_blank\" rel=\"noopener\"><span style=\"font-weight: 400;\">Museo Arqueol\u00f3gico de Alicante (MARQ)<\/span><\/a><\/li>\n<li style=\"font-weight: 400;\" aria-level=\"1\"><b>Hora:<\/b><span style=\"font-weight: 400;\"> 20.03.2026, 18:30<\/span><\/li>\n<li style=\"font-weight: 400;\" aria-level=\"1\"><b>Precio:<\/b><span style=\"font-weight: 400;\"> desde 33 \u20ac<\/span><\/li>\n<li style=\"font-weight: 400;\" aria-level=\"1\"><a href=\"https:\/\/feverup.com\/m\/471562\" target=\"_blank\" rel=\"noopener\"><span style=\"font-weight: 400;\">Comprar entrada<\/span><\/a><\/li>\n<\/ul>\n<h2><span style=\"font-weight: 400;\">21 de marzo (s\u00e1b)<\/span><\/h2>\n<h3><span style=\"font-weight: 400;\">Directos al Puerto (El Muelle Live)<\/span><\/h3>\n<p><span style=\"font-weight: 400;\">Programaci\u00f3n diurna junto al mar: m\u00fasica en directo y zona gastro (entrada libre).<\/span><\/p>\n<ul>\n<li style=\"font-weight: 400;\" aria-level=\"1\"><b>Lugar:<\/b> <a href=\"https:\/\/maps.app.goo.gl\/Dzg42WurgvT9WZs16\" target=\"_blank\" rel=\"noopener\"><span style=\"font-weight: 400;\">Muelle 12<\/span><\/a><span style=\"font-weight: 400;\"> (Puerto de Alicante)<\/span><\/li>\n<li style=\"font-weight: 400;\" aria-level=\"1\"><b>Hora:<\/b><span style=\"font-weight: 400;\"> 21.03.2026, 11:00<\/span><\/li>\n<li style=\"font-weight: 400;\" aria-level=\"1\"><b>Precio:<\/b><span style=\"font-weight: 400;\"> gratis<\/span><\/li>\n<\/ul>\n<h3><span style=\"font-weight: 400;\">Las amistades peligrosas (Teatro Principal)<\/span><\/h3>\n<p><span style=\"font-weight: 400;\">Espect\u00e1culo basado en la novela \u201cLes Liaisons dangereuses\u201d (direcci\u00f3n de David Serrano).<\/span><\/p>\n<ul>\n<li style=\"font-weight: 400;\" aria-level=\"1\"><b>Lugar:<\/b> <a href=\"https:\/\/maps.app.goo.gl\/ePpBU1fBmjQXYdij8\" target=\"_blank\" rel=\"noopener\"><span style=\"font-weight: 400;\">Teatro Principal de Alicante<\/span><\/a><\/li>\n<li style=\"font-weight: 400;\" aria-level=\"1\"><b>Hora:<\/b><span style=\"font-weight: 400;\"> 21.03.2026, 19:00<\/span><\/li>\n<li style=\"font-weight: 400;\" aria-level=\"1\"><b>Precio: <\/b><span style=\"font-weight: 400;\">desde 12 \u20ac (seg\u00fan sector)<\/span><\/li>\n<li style=\"font-weight: 400;\" aria-level=\"1\"><a href=\"https:\/\/www.teatroprincipaldealicante.com\/obra\/las-amistades-peligrosas\/\" target=\"_blank\" rel=\"noopener\"><span style=\"font-weight: 400;\">Comprar entrada<\/span><\/a><\/li>\n<\/ul>\n<h3><span style=\"font-weight: 400;\">Dani Mart\u00ednez presenta: \u201cRemember\u201d (ADDA)<\/span><\/h3>\n<p><span style=\"font-weight: 400;\">Show de comedia en solitario en el ADDA.<\/span><\/p>\n<ul>\n<li style=\"font-weight: 400;\" aria-level=\"1\"><b>Lugar:<\/b> <a href=\"https:\/\/maps.app.goo.gl\/z2gB82RKGk4khojeA\" target=\"_blank\" rel=\"noopener\"><span style=\"font-weight: 400;\">ADDA (Auditorio de la Diputaci\u00f3n de Alicante)<\/span><\/a><\/li>\n<li style=\"font-weight: 400;\" aria-level=\"1\"><b>Hora:<\/b><span style=\"font-weight: 400;\"> 21.03.2026, 20:00<\/span><\/li>\n<li style=\"font-weight: 400;\" aria-level=\"1\"><b>Precio:<\/b><span style=\"font-weight: 400;\"> desde 24,20 \u20ac<\/span><\/li>\n<li style=\"font-weight: 400;\" aria-level=\"1\"><a href=\"https:\/\/addaalicante.es\/concierto\/dani-martinez-presenta-remember\/\" target=\"_blank\" rel=\"noopener\"><span style=\"font-weight: 400;\">Comprar entrada<\/span><\/a><\/li>\n<\/ul>\n<h3><span style=\"font-weight: 400;\">El Mago Viajero (El Mago Jos\u00e9 Mari) \u2013 Menutsbarris<\/span><\/h3>\n<p><span style=\"font-weight: 400;\">Show de magia familiar en formato interactivo.<\/span><\/p>\n<ul>\n<li style=\"font-weight: 400;\" aria-level=\"1\"><b>Lugar:<\/b> <a href=\"https:\/\/maps.app.goo.gl\/2NuHJmqticDvddTu5\" target=\"_blank\" rel=\"noopener\"><span style=\"font-weight: 400;\">Centro Social Comunitario \u201cGast\u00f3n Castell\u00f3\u201d, Alicante<\/span><\/a><\/li>\n<li style=\"font-weight: 400;\" aria-level=\"1\"><b>Hora:<\/b><span style=\"font-weight: 400;\"> 21.03.2026, 18:30\u201319:30<\/span><\/li>\n<li style=\"font-weight: 400;\" aria-level=\"1\"><b>Precio:<\/b><span style=\"font-weight: 400;\"> gratis (con inscripci\u00f3n)<\/span><\/li>\n<li style=\"font-weight: 400;\" aria-level=\"1\"><a href=\"https:\/\/www.eventbrite.es\/e\/entradas-el-mago-viajero-el-mago-jose-marimenutsbarris-1984042381171?aff=ebdssbdestsearch\" target=\"_blank\" rel=\"noopener\"><span style=\"font-weight: 400;\">Reservar<\/span><\/a><\/li>\n<\/ul>\n<h3><span style=\"font-weight: 400;\">Veladura (Sala Euterpe)<\/span><\/h3>\n<p><span style=\"font-weight: 400;\">Concierto en formato club.<\/span><\/p>\n<ul>\n<li style=\"font-weight: 400;\" aria-level=\"1\"><b>Lugar:<\/b> <a href=\"https:\/\/maps.app.goo.gl\/3Q7BdQFqXYLTMQey7\" target=\"_blank\" rel=\"noopener\"><span style=\"font-weight: 400;\">Sala Euterpe<\/span><\/a><span style=\"font-weight: 400;\"> (Sant Joan d\u2019Alacant)<\/span><\/li>\n<li style=\"font-weight: 400;\" aria-level=\"1\"><b>Hora:<\/b><span style=\"font-weight: 400;\"> 21.03.2026 \u2013 21:00<\/span><\/li>\n<li style=\"font-weight: 400;\" aria-level=\"1\"><b>Precio:<\/b><span style=\"font-weight: 400;\"> 10 \u20ac + gastos<\/span><\/li>\n<li style=\"font-weight: 400;\" aria-level=\"1\"><a href=\"https:\/\/salaeuterpe.com\/event\/veladura\/\" target=\"_blank\" rel=\"noopener\"><span style=\"font-weight: 400;\">Comprar entrada<\/span><\/a><\/li>\n<\/ul>\n<h3><span style=\"font-weight: 400;\">Concierto ARCO (Sala Marearock)<\/span><\/h3>\n<p><span style=\"font-weight: 400;\">Concierto nocturno en Sala Marearock.<\/span><\/p>\n<ul>\n<li style=\"font-weight: 400;\" aria-level=\"1\"><b>Lugar:<\/b> <a href=\"https:\/\/maps.app.goo.gl\/J7zUkykPSJjFTMvu6\" target=\"_blank\" rel=\"noopener\"><span style=\"font-weight: 400;\">Sala Marearock<\/span><\/a><\/li>\n<li style=\"font-weight: 400;\" aria-level=\"1\"><b>Hora:<\/b><span style=\"font-weight: 400;\"> 21.03.2026 \u2013 confirmar hora<\/span><\/li>\n<li style=\"font-weight: 400;\" aria-level=\"1\"><b>Precio:<\/b><span style=\"font-weight: 400;\"> desde 22 \u20ac<\/span><\/li>\n<li style=\"font-weight: 400;\" aria-level=\"1\"><a href=\"https:\/\/www.enterticket.es\/eventos\/concierto-arco-alicante-sala-marearock-sabado-21-de-marzo-430335\" target=\"_blank\" rel=\"noopener\"><span style=\"font-weight: 400;\">Comprar entrada<\/span><\/a><\/li>\n<\/ul>\n<h3><span style=\"font-weight: 400;\">Multigou<\/span><\/h3>\n<p><span style=\"font-weight: 400;\">Evento en formato tarde\/noche (consulta horario exacto y condiciones en la p\u00e1gina).<\/span><\/p>\n<ul>\n<li style=\"font-weight: 400;\" aria-level=\"1\"><b>Lugar:<\/b> <a href=\"https:\/\/maps.app.goo.gl\/V2XsPDzoike8DdYp6\" target=\"_blank\" rel=\"noopener\"><span style=\"font-weight: 400;\">Renfe terminal Alicante<\/span><\/a><\/li>\n<li style=\"font-weight: 400;\" aria-level=\"1\"><b>Hora:<\/b><span style=\"font-weight: 400;\"> 21.03.2026 \u2013 aprox. 17:00\u201322:00<\/span><\/li>\n<li style=\"font-weight: 400;\" aria-level=\"1\"><b>Precio:<\/b><span style=\"font-weight: 400;\"> desde 10 \u20ac<\/span><\/li>\n<li style=\"font-weight: 400;\" aria-level=\"1\"><a href=\"https:\/\/www.eventbrite.com\/e\/multigou-tickets-1983405007770?aff=ebdssbdestsearch\" target=\"_blank\" rel=\"noopener\"><span style=\"font-weight: 400;\">Informaci\u00f3n<\/span><\/a><\/li>\n<\/ul>\n<h3><span style=\"font-weight: 400;\">Calvin West \u2013 Concierto de lanzamiento (La Iguana Bar)<\/span><\/h3>\n<p><span style=\"font-weight: 400;\">Concierto-presentaci\u00f3n indie-folk; seg\u00fan la descripci\u00f3n, la entrada es gratuita.<\/span><\/p>\n<ul>\n<li style=\"font-weight: 400;\" aria-level=\"1\"><b>Lugar:<\/b> <a href=\"https:\/\/maps.app.goo.gl\/SbeKt1J7tERYMwGt7\" target=\"_blank\" rel=\"noopener\"><span style=\"font-weight: 400;\">La Iguana Bar, Alicante<\/span><\/a><\/li>\n<li style=\"font-weight: 400;\" aria-level=\"1\"><b>Hora:<\/b><span style=\"font-weight: 400;\"> 21.03.2026 \u2013 22:00<\/span><\/li>\n<li style=\"font-weight: 400;\" aria-level=\"1\"><b>Precio:<\/b><span style=\"font-weight: 400;\"> gratis<\/span><\/li>\n<li style=\"font-weight: 400;\" aria-level=\"1\"><a href=\"https:\/\/www.eventbrite.com\/e\/calvin-west-concierto-de-lanzamiento-tickets-1985320031658?aff=ebdssbdestsearch\" target=\"_blank\" rel=\"noopener\"><span style=\"font-weight: 400;\">Reservar<\/span><\/a><\/li>\n<\/ul>\n<h3><span style=\"font-weight: 400;\">El aguante (Teatre Arniches)<\/span><\/h3>\n<p><span style=\"font-weight: 400;\">Montaje teatral en el Teatre Arniches (dos funciones el fin de semana).<\/span><\/p>\n<ul>\n<li style=\"font-weight: 400;\" aria-level=\"1\"><b>Lugar:<\/b> <a href=\"https:\/\/maps.app.goo.gl\/qeQwQkXUsPjd4mHu6\" target=\"_blank\" rel=\"noopener\"><span style=\"font-weight: 400;\">Teatre Arniches<\/span><\/a><\/li>\n<li style=\"font-weight: 400;\" aria-level=\"1\"><b>Hora:<\/b><span style=\"font-weight: 400;\"> 21.03.2026 \u2013 20:30, 22.03.2026 \u2013 18:30<\/span><\/li>\n<li style=\"font-weight: 400;\" aria-level=\"1\"><b>Precio:<\/b><span style=\"font-weight: 400;\"> desde 15 \u20ac<\/span><\/li>\n<li style=\"font-weight: 400;\" aria-level=\"1\"><a href=\"https:\/\/alicanteout.com\/teatro-y-espectaculos-en-alicante\/el-aguante-en-el-teatre-arniches\/\" target=\"_blank\" rel=\"noopener\"><span style=\"font-weight: 400;\">Comprar entrada<\/span><\/a><\/li>\n<\/ul>\n<h2><span style=\"font-weight: 400;\">22 de marzo (dom)<\/span><\/h2>\n<h3><span style=\"font-weight: 400;\">El Muelle Family (El Muelle Live)<\/span><\/h3>\n<p><span style=\"font-weight: 400;\">Domingo familiar: actividades, talleres y escenario con m\u00fasica en directo (entrada libre).<\/span><\/p>\n<ul>\n<li style=\"font-weight: 400;\" aria-level=\"1\"><b>Lugar:<\/b> <a href=\"https:\/\/maps.app.goo.gl\/Dzg42WurgvT9WZs16\" target=\"_blank\" rel=\"noopener\"><span style=\"font-weight: 400;\">Muelle 12<\/span><\/a><span style=\"font-weight: 400;\"> (Puerto de Alicante)<\/span><\/li>\n<li style=\"font-weight: 400;\" aria-level=\"1\"><b>Hora:<\/b><span style=\"font-weight: 400;\"> 22.03.2026 \u2013 11:00<\/span><\/li>\n<li style=\"font-weight: 400;\" aria-level=\"1\"><b>Precio:<\/b><span style=\"font-weight: 400;\"> gratis<\/span><\/li>\n<\/ul>\n<h3><span style=\"font-weight: 400;\">Banda Sinf\u00f3nica Municipal de Alicante \u2013 BSMA 27 (ADDA)<\/span><\/h3>\n<p><span style=\"font-weight: 400;\">Concierto de mediod\u00eda de la banda sinf\u00f3nica municipal (seg\u00fan la agenda, acceso con invitaci\u00f3n\/reserva).<\/span><\/p>\n<ul>\n<li style=\"font-weight: 400;\" aria-level=\"1\"><b>Lugar:<\/b> <a href=\"https:\/\/maps.app.goo.gl\/z2gB82RKGk4khojeA\" target=\"_blank\" rel=\"noopener\"><span style=\"font-weight: 400;\">ADDA (Auditorio de la Diputaci\u00f3n de Alicante)<\/span><\/a><\/li>\n<li style=\"font-weight: 400;\" aria-level=\"1\"><b>Hora:<\/b><span style=\"font-weight: 400;\"> 22.03.2026 \u2013 12:00<\/span><\/li>\n<li style=\"font-weight: 400;\" aria-level=\"1\"><b>Precio:<\/b><span style=\"font-weight: 400;\"> gratis (con reserva)<\/span><\/li>\n<li style=\"font-weight: 400;\" aria-level=\"1\"><a href=\"https:\/\/addaalicante.es\/concierto\/banda-sinfonica-municipal-de-alicante-bsma-27\/\" target=\"_blank\" rel=\"noopener\"><span style=\"font-weight: 400;\">Informaci\u00f3n<\/span><\/a><\/li>\n<\/ul>\n<h3><span style=\"font-weight: 400;\">La \u00f3pera italiana (Compa\u00f1\u00eda Opera de Madrid)<\/span><\/h3>\n<p><span style=\"font-weight: 400;\">Noche de \u00f3pera en formato de gira.<\/span><\/p>\n<ul>\n<li style=\"font-weight: 400;\" aria-level=\"1\"><b>Lugar:<\/b> <a href=\"https:\/\/maps.app.goo.gl\/HfF9XqWqbkXYaypdA\" target=\"_blank\" rel=\"noopener\"><span style=\"font-weight: 400;\">Teatro Salesianos (El Campello)<\/span><\/a><\/li>\n<li style=\"font-weight: 400;\" aria-level=\"1\"><b>Hora:<\/b><span style=\"font-weight: 400;\"> 22.03.2026 \u2013 19:00<\/span><\/li>\n<li style=\"font-weight: 400;\" aria-level=\"1\"><b>Precio:<\/b><span style=\"font-weight: 400;\"> desde 27,95 \u20ac<\/span><\/li>\n<li style=\"font-weight: 400;\" aria-level=\"1\"><a href=\"https:\/\/www.eventbrite.com\/e\/entradas-la-opera-italiana-compania-opera-de-madrid-1984670066595?aff=ebdssbdestsearch\" target=\"_blank\" rel=\"noopener\"><span style=\"font-weight: 400;\">Comprar entrada<\/span><\/a><\/li>\n<\/ul>\n<h3><span style=\"font-weight: 400;\">Parejas imperfectas (Teatro Principal)<\/span><\/h3>\n<p><span style=\"font-weight: 400;\">Obra sobre relaciones complejas y la decisi\u00f3n de \u201cseguir adelante\u201d.<\/span><\/p>\n<ul>\n<li style=\"font-weight: 400;\" aria-level=\"1\"><b>Lugar:<\/b> <a href=\"https:\/\/maps.app.goo.gl\/ePpBU1fBmjQXYdij8\" target=\"_blank\" rel=\"noopener\"><span style=\"font-weight: 400;\">Teatro Principal de Alicante<\/span><\/a><\/li>\n<li style=\"font-weight: 400;\" aria-level=\"1\"><b>Hora:<\/b><span style=\"font-weight: 400;\"> 22.03.2026 \u2013 18:00<\/span><\/li>\n<li style=\"font-weight: 400;\" aria-level=\"1\"><b>Precio:<\/b><span style=\"font-weight: 400;\"> desde 12 \u20ac (seg\u00fan sector)<\/span><\/li>\n<li style=\"font-weight: 400;\" aria-level=\"1\"><a href=\"https:\/\/www.teatroprincipaldealicante.com\/obra\/parejas-imperfectas\/\" target=\"_blank\" rel=\"noopener\"><span style=\"font-weight: 400;\">Comprar entrada<\/span><\/a><\/li>\n<\/ul>\n<h3><span style=\"font-weight: 400;\">Flamenco Lounge Session (Sausalito)<\/span><\/h3>\n<p><span style=\"font-weight: 400;\">Noche de flamenco en formato lounge (consulta condiciones de acceso en la p\u00e1gina del evento).<\/span><\/p>\n<ul>\n<li style=\"font-weight: 400;\" aria-level=\"1\"><b>Lugar:<\/b> <a href=\"https:\/\/maps.app.goo.gl\/tg96yVZ1STmwjjK68\" target=\"_blank\" rel=\"noopener\"><span style=\"font-weight: 400;\">Sausalito, Alicante<\/span><\/a><\/li>\n<li style=\"font-weight: 400;\" aria-level=\"1\"><b>Hora:<\/b><span style=\"font-weight: 400;\"> 22.03.2026 \u2013 20:30<\/span><\/li>\n<li style=\"font-weight: 400;\" aria-level=\"1\"><b>Precio:<\/b><span style=\"font-weight: 400;\"> gratis<\/span><\/li>\n<li style=\"font-weight: 400;\" aria-level=\"1\"><a href=\"https:\/\/www.eventbrite.es\/e\/flamenco-lounge-session-sausalito-tickets-1032963470547?aff=ebdssbdestsearch\" target=\"_blank\" rel=\"noopener\"><span style=\"font-weight: 400;\">Informaci\u00f3n<\/span><\/a><\/li>\n<\/ul>\n<h3><span style=\"font-weight: 400;\">Visita guiada a la Sala de Exposiciones de la Lonja del Pescado<\/span><\/h3>\n<p><span style=\"font-weight: 400;\">Visita guiada a las exposiciones actuales de la Lonja del Pescado (confirma hora exacta y condiciones de inscripci\u00f3n en la p\u00e1gina, ya que puede haber distintos pases).<\/span><\/p>\n<ul>\n<li style=\"font-weight: 400;\" aria-level=\"1\"><b>Lugar:<\/b> <a href=\"https:\/\/maps.app.goo.gl\/6oRDz7FUdkd9FVqU9\" target=\"_blank\" rel=\"noopener\"><span style=\"font-weight: 400;\">Sala de Exposiciones de la Lonja del Pescado<\/span><\/a><\/li>\n<li style=\"font-weight: 400;\" aria-level=\"1\"><b>Hora:<\/b><span style=\"font-weight: 400;\"> 22.03.2026, 11:00<\/span><\/li>\n<li style=\"font-weight: 400;\" aria-level=\"1\"><b>Precio:<\/b><span style=\"font-weight: 400;\"> consultar en la p\u00e1gina del evento<\/span><\/li>\n<li style=\"font-weight: 400;\" aria-level=\"1\"><a href=\"https:\/\/www.eventbrite.es\/e\/entradas-visita-guiada-a-la-sala-de-exposiciones-de-la-lonja-del-pescado-1985204171116?aff=ebdssbdestsearch\" target=\"_blank\" rel=\"noopener\"><span style=\"font-weight: 400;\">Reservar<\/span><\/a><\/li>\n<\/ul>\n<h2><span style=\"font-weight: 400;\">Cualquier d\u00eda (20\u201322 de marzo) \u2013 exposiciones e ideas de ocio<\/span><\/h2>\n<h3><span style=\"font-weight: 400;\">MUBAG \u2013 exposiciones actuales<\/span><\/h3>\n<p><span style=\"font-weight: 400;\">Exposiciones actuales en el Museo de Bellas Artes Gravina (comprueba horarios y programaci\u00f3n en la web del museo).<\/span><\/p>\n<ul>\n<li style=\"font-weight: 400;\" aria-level=\"1\"><span style=\"font-weight: 400;\">Lugar: <\/span><a href=\"https:\/\/maps.app.goo.gl\/yF6EEXWUNnatJjgWA\" target=\"_blank\" rel=\"noopener\"><span style=\"font-weight: 400;\">MUBAG<\/span><\/a><span style=\"font-weight: 400;\"> (Museo de Bellas Artes Gravina)<\/span><\/li>\n<li style=\"font-weight: 400;\" aria-level=\"1\"><span style=\"font-weight: 400;\">Horario: seg\u00fan el horario del museo<\/span><\/li>\n<li style=\"font-weight: 400;\" aria-level=\"1\"><a href=\"https:\/\/www.mubag.es\/exposiciones-actuales\/\" target=\"_blank\" rel=\"noopener\"><span style=\"font-weight: 400;\">Comprar entrada<\/span><\/a><\/li>\n<\/ul>\n<h3><span style=\"font-weight: 400;\">MUA \u2013 exposiciones en el campus de la UA<\/span><\/h3>\n<p><span style=\"font-weight: 400;\">Tres exposiciones actuales del MUA: arte de g\u00e9nero (mulier, mulieris) y muestras de aniversario de las facultades.<\/span><\/p>\n<ul>\n<li style=\"font-weight: 400;\" aria-level=\"1\"><span style=\"font-weight: 400;\">Lugar: <\/span><a href=\"https:\/\/maps.app.goo.gl\/KoZo4PeNWXDEipyE8\" target=\"_blank\" rel=\"noopener\"><span style=\"font-weight: 400;\">MUA<\/span><\/a><span style=\"font-weight: 400;\"> (Museo de la Universidad de Alicante), San Vicente del Raspeig<\/span><\/li>\n<li style=\"font-weight: 400;\" aria-level=\"1\"><span style=\"font-weight: 400;\">Horario: lun\u2013vie 09:00\u201320:00; s\u00e1b\u2013dom 10:00\u201314:00<\/span><\/li>\n<li style=\"font-weight: 400;\" aria-level=\"1\"><span style=\"font-weight: 400;\">mulier, mulieris 2026 \u2013 <\/span><a href=\"https:\/\/www.mua.ua.es\/pagina.php?opc=3&amp;lang=1&amp;id=494\" target=\"_blank\" rel=\"noopener\"><span style=\"font-weight: 400;\">detalles<\/span><\/a><\/li>\n<li style=\"font-weight: 400;\" aria-level=\"1\"><span style=\"font-weight: 400;\">50 Aniversario: Facultad de Filosof\u00eda y Letras \u2013 <\/span><a href=\"https:\/\/www.mua.ua.es\/pagina.php?opc=3&amp;lang=1&amp;id=490\" target=\"_blank\" rel=\"noopener\"><span style=\"font-weight: 400;\">detalles<\/span><\/a><\/li>\n<li style=\"font-weight: 400;\" aria-level=\"1\"><span style=\"font-weight: 400;\">50 Aniversario: Facultad de Ciencias \u2013 <\/span><a href=\"https:\/\/www.mua.ua.es\/pagina.php?opc=3&amp;lang=1&amp;id=491\" target=\"_blank\" rel=\"noopener\"><span style=\"font-weight: 400;\">detalles<\/span><\/a><\/li>\n<\/ul>\n<h3><span style=\"font-weight: 400;\">\u201cS\u00e1bados en el museo\u201d (Museo The Ocean Race) \u2013 con reserva<\/span><\/h3>\n<p><span style=\"font-weight: 400;\">Actividades familiares en el Museo The Ocean Race: requiere reserva previa (el calendario est\u00e1 en la p\u00e1gina).<\/span><\/p>\n<ul>\n<li style=\"font-weight: 400;\" aria-level=\"1\"><span style=\"font-weight: 400;\">Lugar: <\/span><a href=\"https:\/\/maps.app.goo.gl\/7dornPwXtUKmLfLb7\" target=\"_blank\" rel=\"noopener\"><span style=\"font-weight: 400;\">Museo The Ocean Race<\/span><\/a><\/li>\n<li style=\"font-weight: 400;\" aria-level=\"1\"><span style=\"font-weight: 400;\">Hora: 12:00 (la fecha depende del calendario de reservas)<\/span><\/li>\n<li style=\"font-weight: 400;\" aria-level=\"1\"><a href=\"https:\/\/www.theoceanrace.com\/es\/museum\/activities\/9_Sabados-en-el-museo\" target=\"_blank\" rel=\"noopener\"><span style=\"font-weight: 400;\">Reservar plaza<\/span><\/a><\/li>\n<\/ul>\n<h2>\u00bfD\u00f3nde alojarse para llegar a todo?<\/h2>\n<p>Un fin de semana intenso requiere una buena planificaci\u00f3n: la l\u00f3gica es sencilla \u2013 alojarse en un punto desde el que sea c\u00f3modo llegar tanto a los conciertos de la noche como a las exposiciones diurnas y a los paseos junto al mar.<\/p>\n<p><a href=\"https:\/\/alicante-smarthotel.com\/es\/\">Alicante Smart Hotel<\/a> encaja perfectamente con el formato de una \u201cescapada inteligente\u201d, cuando la ciudad est\u00e1 cerca y el descanso transcurre sin prisas ni complicaciones:<\/p>\n<ul>\n<li>ubicaci\u00f3n c\u00f3moda para llegar r\u00e1pidamente a los espacios clave,<\/li>\n<li>entrada anticipada y salida tard\u00eda (como opci\u00f3n, para no perder medio d\u00eda),<\/li>\n<li>desayuno en la habitaci\u00f3n (como opci\u00f3n),<\/li>\n<li>piscina,<\/li>\n<li>10% de descuento al reservar directamente en la web del hotel.<\/li>\n<\/ul>\n<p><span style=\"font-weight: 400;\"><a href=\"https:\/\/alicante-smarthotel.com\/es\/habitaciones\/\" target=\"_self\" style=\"display:inline-block;\n                      padding:10px 14px;\n                      border-radius:10px;\n                      text-decoration:none;\n                      margin-right:0px;\n                      background:#111;color:#fff;\">\n                Todas las habitaciones y reservas\n            <\/a><\/span><\/p>\n<p>La elecci\u00f3n de la habitaci\u00f3n depende del formato del viaje:<\/p>\n<ul>\n<li>Doble Est\u00e1ndar Superior \u2013 ideal para parejas o viajeros en solitario que buscan el m\u00e1ximo confort:<\/li>\n<\/ul>\n<p><span style=\"font-weight: 400;\"><a href=\"https:\/\/alicante-smarthotel.com\/es\/rooms\/doble-estandar-superior\/\" target=\"_self\" style=\"display:inline-block;\n                      padding:10px 14px;\n                      border-radius:10px;\n                      text-decoration:none;\n                      margin-right:0px;\n                      background:#e11d48;color:#fff;\">\n                Superior Double Standard\n            <\/a><\/span><\/p>\n<ul>\n<li>Doble Est\u00e1ndar con Terraza \u2013 perfecta para quienes valoran tener su propio espacio al aire libre.<\/li>\n<\/ul>\n<p><span style=\"font-weight: 400;\"><a href=\"https:\/\/alicante-smarthotel.com\/es\/rooms\/doble-estandar-con-terraza\/\" target=\"_self\" style=\"display:inline-block;\n                      padding:10px 14px;\n                      border-radius:10px;\n                      text-decoration:none;\n                      margin-right:0px;\n                      background:#e11d48;color:#fff;\">\n                Double Standard with Terrace\n            <\/a><\/span><\/p>\n<ul>\n<li>Triple Superior \u2013 una opci\u00f3n pr\u00e1ctica y c\u00f3moda para familias o peque\u00f1os grupos:<\/li>\n<\/ul>\n<p><span style=\"font-weight: 400;\"><a href=\"https:\/\/alicante-smarthotel.com\/es\/rooms\/triple-superior\/\" target=\"_self\" style=\"display:inline-block;\n                      padding:10px 14px;\n                      border-radius:10px;\n                      text-decoration:none;\n                      margin-right:0px;\n                      background:#e11d48;color:#fff;\">\n                Superior Triple Room\n            <\/a><\/span><\/p>\n<p>Para que la escapada de fin de semana sea todav\u00eda m\u00e1s f\u00e1cil y c\u00f3moda, Alicante Smart Hotel ofrece varias opciones adicionales que encajan de forma natural en un itinerario de 2\u20133 d\u00edas.<\/p>\n<ul>\n<li>Desayuno en la habitaci\u00f3n.<\/li>\n<li>Para ocasiones especiales \u2013 o simplemente para a\u00f1adir un ambiente festivo \u2013 el hotel dispone de celebration packs.<\/li>\n<li>Tambi\u00e9n es posible organizar un traslado desde el aeropuerto de Alicante \u2013 desde 30 \u20ac.<\/li>\n<li>Adem\u00e1s, hay opciones de entrada anticipada y salida tard\u00eda \u2013 para aprovechar el fin de semana al m\u00e1ximo.<\/li>\n<\/ul>\n<p><span style=\"font-weight: 400;\"><a href=\"https:\/\/alicante-smarthotel.com\/es\/service\/\" target=\"_self\" style=\"display:inline-block;\n                      padding:10px 14px;\n                      border-radius:10px;\n                      text-decoration:none;\n                      margin-right:0px;\n                      background:#e11d48;color:#fff;\">\n                Servicios adicionales de SmartHotel Alicante\n            <\/a><\/span><\/p>\n<p>    <div class=\"cta\" style=\"border: 2px solid #111; border-radius: 12px; padding: 14px; margin: 18px 0;\">\n        <p style=\"margin: 0 0 10px 0;\">\n            <strong>\u2728 Promoci\u00f3n especial de SmartHotel Alicante: rentable para trabajar y c\u00f3moda para alojarse.<\/strong><br>\n            Del 12 de enero al 31 de abril:<br \/>\nAl reservar nuestra sala de conferencias, obtiene un 15% de descuento en el alojamiento para todos los participantes del evento. Es una soluci\u00f3n ideal para formaciones, reuniones, viajes de negocios y trabajo en equipo \u2013 cuando es importante alojarse cerca y con comodidad.<\/p>\n<p>\u2714 Habitaciones desde 50 \u20ac por noche**<br \/>\n\u2714 Minicocina, zona de trabajo, terraza (en algunas habitaciones)<br \/>\n\u2714 Centro de Alicante: a 5 minutos de la estaci\u00f3n de tren<br \/>\n\u2714 C\u00f3digo promocional SMARTWORK al reservar a trav\u00e9s de la web<br \/>\n\u2714 O reserve por WhatsApp        <\/p>\n        <p style=\"margin: 0;\">\n            <a style=\"display: inline-block; padding: 10px 14px; background: #BE9254; color: #fff; border-radius: 10px; text-decoration: none;\" href=\"https:\/\/alicante-smarthotel.com\/es\/habitaciones\/\">\n                Reservar con un 15% de descuento            <\/a>\n        <\/p>\n    <\/div>\n    <\/p>","protected":false},"excerpt":{"rendered":"<p>A continuaci\u00f3n \u2013 una selecci\u00f3n de eventos en Alicante para el pr\u00f3ximo fin de semana (viernes\u2013domingo, 20\u201322 de marzo de 2026). Para cada evento se indica el lugar, la hora y un enlace para entradas (o la p\u00e1gina del evento). Se recomienda volver a comprobar la vigencia del programa antes de salir. 20 de marzo\u2026<\/p>\n","protected":false},"author":2,"featured_media":640,"comment_status":"closed","ping_status":"closed","sticky":false,"template":"","format":"standard","meta":{"footnotes":""},"categories":[1],"tags":[],"class_list":["post-639","post","type-post","status-publish","format-standard","has-post-thumbnail","hentry","category-articles"],"_links":{"self":[{"href":"https:\/\/alicante-smarthotel.com\/es\/wp-json\/wp\/v2\/posts\/639","targetHints":{"allow":["GET"]}}],"collection":[{"href":"https:\/\/alicante-smarthotel.com\/es\/wp-json\/wp\/v2\/posts"}],"about":[{"href":"https:\/\/alicante-smarthotel.com\/es\/wp-json\/wp\/v2\/types\/post"}],"author":[{"embeddable":true,"href":"https:\/\/alicante-smarthotel.com\/es\/wp-json\/wp\/v2\/users\/2"}],"replies":[{"embeddable":true,"href":"https:\/\/alicante-smarthotel.com\/es\/wp-json\/wp\/v2\/comments?post=639"}],"version-history":[{"count":3,"href":"https:\/\/alicante-smarthotel.com\/es\/wp-json\/wp\/v2\/posts\/639\/revisions"}],"predecessor-version":[{"id":645,"href":"https:\/\/alicante-smarthotel.com\/es\/wp-json\/wp\/v2\/posts\/639\/revisions\/645"}],"wp:featuredmedia":[{"embeddable":true,"href":"https:\/\/alicante-smarthotel.com\/es\/wp-json\/wp\/v2\/media\/640"}],"wp:attachment":[{"href":"https:\/\/alicante-smarthotel.com\/es\/wp-json\/wp\/v2\/media?parent=639"}],"wp:term":[{"taxonomy":"category","embeddable":true,"href":"https:\/\/alicante-smarthotel.com\/es\/wp-json\/wp\/v2\/categories?post=639"},{"taxonomy":"post_tag","embeddable":true,"href":"https:\/\/alicante-smarthotel.com\/es\/wp-json\/wp\/v2\/tags?post=639"}],"curies":[{"name":"wp","href":"https:\/\/api.w.org\/{rel}","templated":true}]}}